{"id":9209,"date":"2022-01-05T13:42:56","date_gmt":"2022-01-05T13:42:56","guid":{"rendered":"https:\/\/theartoftastingportugal.com\/uncategorized\/herdade-de-sao-luis\/"},"modified":"2023-02-27T15:10:52","modified_gmt":"2023-02-27T15:10:52","slug":"herdade-de-sao-luis","status":"publish","type":"post","link":"https:\/\/theartoftastingportugal.com\/en\/producers\/herdade-de-sao-luis\/","title":{"rendered":"Herdade de S\u00e3o Lu\u00eds"},"content":{"rendered":"<!--themify_builder_content-->\n<div id=\"themify_builder_content-9209\" data-postid=\"9209\" class=\"themify_builder_content themify_builder_content-9209 themify_builder tf_clear\">\n    \t<!-- module_row -->\n\t<div  data-lazy=\"1\" class=\"module_row themify_builder_row tb_gcui489 tb_first tf_clearfix\">\n\t    \t\t<div class=\"row_inner col_align_top tf_box tf_w tf_rel\">\n\t\t\t<div  data-lazy=\"1\" class=\"module_column tb-column col-full first tb_hw4x490 tf_box\">\n\t    \t    \t        <div class=\"tb-column-inner tf_box tf_w\">\n\t\t    <!-- module text -->\n<div  class=\"module module-text tb_yl6i688   \" data-lazy=\"1\">\n        <div  class=\"tb_text_wrap\">\n    <p>For more producers like this: aware, informed, and determined!<\/p>\n<p>At Herdade de S\u00e3o Lu\u00eds, home of Porcus Natura, time, space and balance are the watchwords. Time to let cycles occur naturally, space for animals to move freely and balance between fauna and flora as one takes care of the other and vice versa. The animals of Porcus Natura are of the Puro Alentejano breed and raised in an extensive system of regenerative management. This means cattle raising improves soil productivity, making the pasture so excellent and abundant that it becomes a carbon sequestering agent, thus balancing the emissions caused by animals. For more producers like this: aware, informed, and determined!<\/p>    <\/div>\n<\/div>\n<!-- \/module text -->\t        <\/div>\n\t    \t<\/div>\n\t\t    <\/div>\n\t    <!-- \/row_inner -->\n\t<\/div>\n\t<!-- \/module_row -->\n\t\t<!-- module_row -->\n\t<div  data-lazy=\"1\" class=\"module_row themify_builder_row tb_ul8h489 tf_clearfix\">\n\t    \t\t<div class=\"row_inner col_align_top tf_box tf_w tf_rel\">\n\t\t\t<div  data-lazy=\"1\" class=\"module_column tb-column col-full first tb_ylq6491 tf_box\">\n\t    \t    \t        <div class=\"tb-column-inner tf_box tf_w\">\n\t\t    <!-- module fancy heading -->\n<div  class=\"module module-fancy-heading tb_hdfm491  tb_hide_divider\" data-lazy=\"1\">\n        <h3 class=\"fancy-heading tf_textc\">\n    <span  class=\"main-head tf_block\">\n\t\t\t\t\tRelated with this producer\t\t    <\/span>\n    <span class=\"sub-head tf_block tf_rel\">\n\t\t\t\t\t\t\t    <\/span>\n    <\/h3>\n<\/div>\n<!-- \/module fancy heading -->\n\t        <\/div>\n\t    \t<\/div>\n\t\t    <\/div>\n\t    <!-- \/row_inner -->\n\t<\/div>\n\t<!-- \/module_row -->\n\t\t<!-- module_row -->\n\t<div  data-lazy=\"1\" class=\"module_row themify_builder_row tb_gynk489 tf_clearfix\">\n\t    \t\t<div class=\"row_inner col_align_top tf_box tf_w tf_rel\">\n\t\t\t<div  data-lazy=\"1\" class=\"module_column tb-column col4-1 first tb_zzpw492 tf_box\">\n\t    \t    \t        <div class=\"tb-column-inner tf_box tf_w\">\n\t\t    <!-- module post -->\n<div  class=\"module module-post tb_5ihg492 posts-relacionados-titulo\">\n        <div  class=\"builder-posts-wrap loops-wrapper list-post classic tf_clear tf_clearfix\" data-lazy=\"1\">\n\t<article id=\"post-9194\" class=\"post tf_clearfix post-9194 type-post status-publish format-standard has-post-thumbnail hentry category-chefs-do-alentejo-en category-chefs-en category-filipe-rebocho-e-joao-narigueta-en has-post-title no-post-date has-post-category has-post-tag has-post-comment has-post-author   cat-344  cat-311  cat-753\">\n\t    \n\t\t\t<a href=\"https:\/\/theartoftastingportugal.com\/en\/chefs-en\/filipe-rebocho-e-joao-narigueta\/\" aria-label=\"Filipe Rebocho e Jo\u00e3o Narigueta\" data-post-permalink=\"yes\" style=\"display: none;\"><\/a>\n\t    \t\t\t<figure class=\"post-image tf_clearfix\">\n\t\t\t    \t\t\t\t\t\t\t\t<a href=\"https:\/\/theartoftastingportugal.com\/en\/chefs-en\/filipe-rebocho-e-joao-narigueta\/\">\n\t\t\t\t\t\t\t\t<img loading=\"lazy\" width=\"1080\" height=\"1080\" src=\"https:\/\/theartoftastingportugal.com\/wp-content\/uploads\/2022\/01\/i3-VIPWw.jpeg\" class=\"wp-post-image wp-image-9137\" title=\"i3-VIPWw\" alt=\"i3-VIPWw\" srcset=\"https:\/\/theartoftastingportugal.com\/wp-content\/uploads\/2022\/01\/i3-VIPWw.jpeg 1080w, https:\/\/theartoftastingportugal.com\/wp-content\/uploads\/2022\/01\/i3-VIPWw-300x300.jpeg 300w, https:\/\/theartoftastingportugal.com\/wp-content\/uploads\/2022\/01\/i3-VIPWw-100x100.jpeg 100w, https:\/\/theartoftastingportugal.com\/wp-content\/uploads\/2022\/01\/i3-VIPWw-600x600.jpeg 600w, https:\/\/theartoftastingportugal.com\/wp-content\/uploads\/2022\/01\/i3-VIPWw-1024x1024.jpeg 1024w, https:\/\/theartoftastingportugal.com\/wp-content\/uploads\/2022\/01\/i3-VIPWw-150x150.jpeg 150w, https:\/\/theartoftastingportugal.com\/wp-content\/uploads\/2022\/01\/i3-VIPWw-768x768.jpeg 768w, https:\/\/theartoftastingportugal.com\/wp-content\/uploads\/2022\/01\/i3-VIPWw-1024x1024-360x360.jpeg 360w, https:\/\/theartoftastingportugal.com\/wp-content\/uploads\/2022\/01\/i3-VIPWw-1024x1024-450x450.jpeg 450w\" sizes=\"(max-width: 1080px) 100vw, 1080px\" \/>\t\t\t\t\t\t\t\t    \t\t\t\t<\/a>\n\t\t\t\t\t\t\t    \t\t\t<\/figure>\n\t\t\t\t<div class=\"post-content\">\n\t\t<div class=\"post-content-inner\">\n\n\t\t\t\n\t\t\t<h2 class=\"post-title entry-title\"><a href=\"https:\/\/theartoftastingportugal.com\/en\/chefs-en\/filipe-rebocho-e-joao-narigueta\/\">Filipe Rebocho e Jo\u00e3o Narigueta<\/a><\/h2>\n\t\t\t\n\t\t\t\n\t\t\t\t<div class=\"entry-content\">\n\n        \n\t<\/div><!-- \/.entry-content -->\n\t\n\t\t<\/div>\n\t\t<!-- \/.post-content-inner -->\n\t<\/div>\n\t<!-- \/.post-content -->\n\t\n<\/article>\n<!-- \/.post -->\n    <\/div><!-- .builder-posts-wrap -->\n        <\/div>\n<!-- \/module post -->\n\t        <\/div>\n\t    \t<\/div>\n\t\t<div  data-lazy=\"1\" class=\"module_column tb-column col4-1 second tb_wfj7492 tf_box\">\n\t    \t    \t        <div class=\"tb-column-inner tf_box tf_w\">\n\t\t    <!-- module post -->\n<div  class=\"module module-post tb_td7x492 posts-relacionados-titulo\">\n        <div  class=\"builder-posts-wrap loops-wrapper list-post classic tf_clear tf_clearfix\" data-lazy=\"1\">\n\t<article id=\"post-9204\" class=\"post tf_clearfix post-9204 type-post status-publish format-standard has-post-thumbnail hentry category-pratos-do-alentejo-en category-dishes category-prato-chefs-filipe-rebocho-e-joao-narigueta-en category-prato-porco-puro-alentejano-en has-post-title no-post-date has-post-category has-post-tag has-post-comment has-post-author   cat-401  cat-356  cat-756  cat-757\">\n\t    \n\t\t\t<a href=\"https:\/\/theartoftastingportugal.com\/en\/dishes\/pure-alentejo-pork-neck-red-montemor-onion-and-pleurothus\/\" aria-label=\"Pure Alentejo pork neck, red Montemor onion and pleurothus\" data-post-permalink=\"yes\" style=\"display: none;\"><\/a>\n\t    \t\t\t<figure class=\"post-image tf_clearfix\">\n\t\t\t    \t\t\t\t\t\t\t\t<a href=\"https:\/\/theartoftastingportugal.com\/en\/dishes\/pure-alentejo-pork-neck-red-montemor-onion-and-pleurothus\/\">\n\t\t\t\t\t\t\t\t<img loading=\"lazy\" src=\"https:\/\/theartoftastingportugal.com\/wp-content\/uploads\/2022\/01\/ctHhG4IA-1-1024x473-360x360.jpeg\" width=\"360\" height=\"360\" class=\"wp-post-image wp-image-9161\" title=\"ctHhG4IA\" alt=\"ctHhG4IA\" srcset=\"https:\/\/theartoftastingportugal.com\/wp-content\/uploads\/2022\/01\/ctHhG4IA-1-1024x473-360x360.jpeg 360w, https:\/\/theartoftastingportugal.com\/wp-content\/uploads\/2022\/01\/ctHhG4IA-1-300x300.jpeg 300w, https:\/\/theartoftastingportugal.com\/wp-content\/uploads\/2022\/01\/ctHhG4IA-1-100x100.jpeg 100w, https:\/\/theartoftastingportugal.com\/wp-content\/uploads\/2022\/01\/ctHhG4IA-1-150x150.jpeg 150w, https:\/\/theartoftastingportugal.com\/wp-content\/uploads\/2022\/01\/ctHhG4IA-1-1024x473-450x450.jpeg 450w\" sizes=\"(max-width: 360px) 100vw, 360px\" \/>\t\t\t\t\t\t\t\t    \t\t\t\t<\/a>\n\t\t\t\t\t\t\t    \t\t\t<\/figure>\n\t\t\t\t<div class=\"post-content\">\n\t\t<div class=\"post-content-inner\">\n\n\t\t\t\n\t\t\t<h2 class=\"post-title entry-title\"><a href=\"https:\/\/theartoftastingportugal.com\/en\/dishes\/pure-alentejo-pork-neck-red-montemor-onion-and-pleurothus\/\">Pure Alentejo pork neck, red Montemor onion and pleurothus<\/a><\/h2>\n\t\t\t\n\t\t\t\n\t\t\t\t<div class=\"entry-content\">\n\n        \n\t<\/div><!-- \/.entry-content -->\n\t\n\t\t<\/div>\n\t\t<!-- \/.post-content-inner -->\n\t<\/div>\n\t<!-- \/.post-content -->\n\t\n<\/article>\n<!-- \/.post -->\n    <\/div><!-- .builder-posts-wrap -->\n        <\/div>\n<!-- \/module post -->\n\t        <\/div>\n\t    \t<\/div>\n\t\t<div  data-lazy=\"1\" class=\"module_column tb-column col4-1 third tb_dp8y492 tf_box\">\n\t    \t    \t        <div class=\"tb-column-inner tf_box tf_w\">\n\t\t    <!-- module post -->\n<div  class=\"module module-post tb_q1n1492 posts-relacionados-titulo\">\n        <div  class=\"builder-posts-wrap loops-wrapper list-post classic tf_clear tf_clearfix\" data-lazy=\"1\">\n\t<article id=\"post-5725\" class=\"post tf_clearfix post-5725 type-post status-publish format-standard has-post-thumbnail hentry category-alentejo-e-ribatejo-en category-regions has-post-title no-post-date has-post-category has-post-tag has-post-comment has-post-author   cat-554  cat-553\">\n\t    \n\t\t\t<a href=\"https:\/\/theartoftastingportugal.com\/en\/regions\/alentejo-and-ribatejo\/\" aria-label=\"Alentejo and Ribatejo\" data-post-permalink=\"yes\" style=\"display: none;\"><\/a>\n\t    \t\t\t<figure class=\"post-image tf_clearfix\">\n\t\t\t    \t\t\t\t\t\t\t\t<a href=\"https:\/\/theartoftastingportugal.com\/en\/regions\/alentejo-and-ribatejo\/\">\n\t\t\t\t\t\t\t\t<img loading=\"lazy\" src=\"https:\/\/theartoftastingportugal.com\/wp-content\/uploads\/2020\/12\/regiao-alentejo-1-1024x380-360x360.jpg\" width=\"360\" height=\"360\" class=\"wp-post-image wp-image-15619\" title=\"regiao-alentejo\" alt=\"regiao-alentejo\" srcset=\"https:\/\/theartoftastingportugal.com\/wp-content\/uploads\/2020\/12\/regiao-alentejo-1-1024x380-360x360.jpg 360w, https:\/\/theartoftastingportugal.com\/wp-content\/uploads\/2020\/12\/regiao-alentejo-1-150x150.jpg 150w, https:\/\/theartoftastingportugal.com\/wp-content\/uploads\/2020\/12\/regiao-alentejo-1-300x300.jpg 300w, https:\/\/theartoftastingportugal.com\/wp-content\/uploads\/2020\/12\/regiao-alentejo-1-100x100.jpg 100w\" sizes=\"(max-width: 360px) 100vw, 360px\" \/>\t\t\t\t\t\t\t\t    \t\t\t\t<\/a>\n\t\t\t\t\t\t\t    \t\t\t<\/figure>\n\t\t\t\t<div class=\"post-content\">\n\t\t<div class=\"post-content-inner\">\n\n\t\t\t\n\t\t\t<h2 class=\"post-title entry-title\"><a href=\"https:\/\/theartoftastingportugal.com\/en\/regions\/alentejo-and-ribatejo\/\">Alentejo and Ribatejo<\/a><\/h2>\n\t\t\t\n\t\t\t\n\t\t\t\t<div class=\"entry-content\">\n\n        \n\t<\/div><!-- \/.entry-content -->\n\t\n\t\t<\/div>\n\t\t<!-- \/.post-content-inner -->\n\t<\/div>\n\t<!-- \/.post-content -->\n\t\n<\/article>\n<!-- \/.post -->\n    <\/div><!-- .builder-posts-wrap -->\n        <\/div>\n<!-- \/module post -->\n\t        <\/div>\n\t    \t<\/div>\n\t\t<div  data-lazy=\"1\" class=\"module_column tb-column col4-1 last tb_6i6k492 tf_box\">\n\t    \t    \t        <div class=\"tb-column-inner tf_box tf_w\">\n\t\t    <!-- module post -->\n<div  class=\"module module-post tb_ix02493 posts-relacionados-titulo\">\n        <div  class=\"builder-posts-wrap loops-wrapper list-post classic tf_clear tf_clearfix\" data-lazy=\"1\">\n\t<article id=\"post-9199\" class=\"post tf_clearfix post-9199 type-post status-publish format-standard has-post-thumbnail hentry category-produtos-do-alentejo-en category-porco-puro-alentejano-en category-products category-produtos-filipe-rebocho-e-joao-narigueta-en has-post-title no-post-date has-post-category has-post-tag has-post-comment has-post-author   cat-518  cat-754  cat-306  cat-755\">\n\t    \n\t\t\t<a href=\"https:\/\/theartoftastingportugal.com\/en\/products\/pure-alentejo-pig\/\" aria-label=\"Pure Alentejo pig\" data-post-permalink=\"yes\" style=\"display: none;\"><\/a>\n\t    \t\t\t<figure class=\"post-image tf_clearfix\">\n\t\t\t    \t\t\t\t\t\t\t\t<a href=\"https:\/\/theartoftastingportugal.com\/en\/products\/pure-alentejo-pig\/\">\n\t\t\t\t\t\t\t\t<img loading=\"lazy\" src=\"https:\/\/theartoftastingportugal.com\/wp-content\/uploads\/2022\/01\/mWkTE4LQ-1024x793-360x360.jpeg\" width=\"360\" height=\"360\" class=\"wp-post-image wp-image-9149\" title=\"mWkTE4LQ\" alt=\"mWkTE4LQ\" srcset=\"https:\/\/theartoftastingportugal.com\/wp-content\/uploads\/2022\/01\/mWkTE4LQ-1024x793-360x360.jpeg 360w, https:\/\/theartoftastingportugal.com\/wp-content\/uploads\/2022\/01\/mWkTE4LQ-300x300.jpeg 300w, https:\/\/theartoftastingportugal.com\/wp-content\/uploads\/2022\/01\/mWkTE4LQ-100x100.jpeg 100w, https:\/\/theartoftastingportugal.com\/wp-content\/uploads\/2022\/01\/mWkTE4LQ-150x150.jpeg 150w, https:\/\/theartoftastingportugal.com\/wp-content\/uploads\/2022\/01\/mWkTE4LQ-1024x793-450x450.jpeg 450w\" sizes=\"(max-width: 360px) 100vw, 360px\" \/>\t\t\t\t\t\t\t\t    \t\t\t\t<\/a>\n\t\t\t\t\t\t\t    \t\t\t<\/figure>\n\t\t\t\t<div class=\"post-content\">\n\t\t<div class=\"post-content-inner\">\n\n\t\t\t\n\t\t\t<h2 class=\"post-title entry-title\"><a href=\"https:\/\/theartoftastingportugal.com\/en\/products\/pure-alentejo-pig\/\">Pure Alentejo pig<\/a><\/h2>\n\t\t\t\n\t\t\t\n\t\t\t\t<div class=\"entry-content\">\n\n        \n\t<\/div><!-- \/.entry-content -->\n\t\n\t\t<\/div>\n\t\t<!-- \/.post-content-inner -->\n\t<\/div>\n\t<!-- \/.post-content -->\n\t\n<\/article>\n<!-- \/.post -->\n    <\/div><!-- .builder-posts-wrap -->\n        <\/div>\n<!-- \/module post -->\n\t        <\/div>\n\t    \t<\/div>\n\t\t    <\/div>\n\t    <!-- \/row_inner -->\n\t<\/div>\n\t<!-- \/module_row -->\n\t<\/div>\n<!--\/themify_builder_content-->\n\n\n<p><\/p>","protected":false},"excerpt":{"rendered":"<p>For more producers like this: aware, informed, and determined!<\/p>\n<p>At Herdade de S\u00e3o Lu\u00eds, home of Porcus Natura, time, space and balance are the watchwords. Time to let cycles occur naturally, space for animals to move freely and balance between fauna and flora as one takes care of the other and vice versa. The animals of Porcus Natura are of the Puro Alentejano breed and raised in an extensive system of regenerative management. This means cattle raising improves soil productivity, making the pasture so excellent and abundant that it becomes a carbon sequestering agent, thus balancing the emissions caused by animals. For more producers like this: aware, informed, and determined!<\/p>\n","protected":false},"author":3,"featured_media":9175,"comment_status":"closed","ping_status":"closed","sticky":false,"template":"","format":"standard","meta":[],"categories":[448,758,435],"tags":[],"acf":[],"yoast_head":"<!-- This site is optimized with the Yoast SEO plugin v18.8 - https:\/\/yoast.com\/wordpress\/plugins\/seo\/ -->\n<title>Herdade de S\u00e3o Lu\u00eds - The Art of Tasting Portugal<\/title>\n<meta name=\"description\" content=\"At Herdade de S\u00e3o Lu\u00eds, home of Porcus Natura, time, space and balance are the watchwords.\" \/>\n<meta name=\"robots\" content=\"index, follow, max-snippet:-1, max-image-preview:large, max-video-preview:-1\" \/>\n<link rel=\"canonical\" href=\"https:\/\/theartoftastingportugal.com\/en\/producers\/herdade-de-sao-luis\/\" \/>\n<meta property=\"og:locale\" content=\"en_US\" \/>\n<meta property=\"og:type\" content=\"article\" \/>\n<meta property=\"og:title\" content=\"Herdade de S\u00e3o Lu\u00eds - The Art of Tasting Portugal\" \/>\n<meta property=\"og:description\" content=\"At Herdade de S\u00e3o Lu\u00eds, home of Porcus Natura, time, space and balance are the watchwords.\" \/>\n<meta property=\"og:url\" content=\"https:\/\/theartoftastingportugal.com\/en\/producers\/herdade-de-sao-luis\/\" \/>\n<meta property=\"og:site_name\" content=\"The Art of Tasting Portugal\" \/>\n<meta property=\"article:published_time\" content=\"2022-01-05T13:42:56+00:00\" \/>\n<meta property=\"article:modified_time\" content=\"2023-02-27T15:10:52+00:00\" \/>\n<meta property=\"og:image\" content=\"https:\/\/theartoftastingportugal.com\/wp-content\/uploads\/2022\/01\/Captura-de-ecra-2022-01-05-135421.jpg\" \/>\n\t<meta property=\"og:image:width\" content=\"365\" \/>\n\t<meta property=\"og:image:height\" content=\"667\" \/>\n\t<meta property=\"og:image:type\" content=\"image\/jpeg\" \/>\n<meta name=\"twitter:card\" content=\"summary_large_image\" \/>\n<meta name=\"twitter:label1\" content=\"Written by\" \/>\n\t<meta name=\"twitter:data1\" content=\"artoftasting\" \/>\n<script type=\"application\/ld+json\" class=\"yoast-schema-graph\">{\"@context\":\"https:\/\/schema.org\",\"@graph\":[{\"@type\":\"WebSite\",\"@id\":\"https:\/\/theartoftastingportugal.com\/#website\",\"url\":\"https:\/\/theartoftastingportugal.com\/\",\"name\":\"The Art of Tasting Portugal\",\"description\":\"The Art of Tasting Portugal\",\"potentialAction\":[{\"@type\":\"SearchAction\",\"target\":{\"@type\":\"EntryPoint\",\"urlTemplate\":\"https:\/\/theartoftastingportugal.com\/?s={search_term_string}\"},\"query-input\":\"required name=search_term_string\"}],\"inLanguage\":\"en-US\"},{\"@type\":\"ImageObject\",\"inLanguage\":\"en-US\",\"@id\":\"https:\/\/theartoftastingportugal.com\/en\/producers\/herdade-de-sao-luis\/#primaryimage\",\"url\":\"https:\/\/theartoftastingportugal.com\/wp-content\/uploads\/2022\/01\/Captura-de-ecra-2022-01-05-135421.jpg\",\"contentUrl\":\"https:\/\/theartoftastingportugal.com\/wp-content\/uploads\/2022\/01\/Captura-de-ecra-2022-01-05-135421.jpg\",\"width\":365,\"height\":667},{\"@type\":\"WebPage\",\"@id\":\"https:\/\/theartoftastingportugal.com\/en\/producers\/herdade-de-sao-luis\/#webpage\",\"url\":\"https:\/\/theartoftastingportugal.com\/en\/producers\/herdade-de-sao-luis\/\",\"name\":\"Herdade de S\u00e3o Lu\u00eds - The Art of Tasting Portugal\",\"isPartOf\":{\"@id\":\"https:\/\/theartoftastingportugal.com\/#website\"},\"primaryImageOfPage\":{\"@id\":\"https:\/\/theartoftastingportugal.com\/en\/producers\/herdade-de-sao-luis\/#primaryimage\"},\"datePublished\":\"2022-01-05T13:42:56+00:00\",\"dateModified\":\"2023-02-27T15:10:52+00:00\",\"author\":{\"@id\":\"https:\/\/theartoftastingportugal.com\/#\/schema\/person\/e2da9d950e34ebb9d9d795b6fb9700b4\"},\"description\":\"At Herdade de S\u00e3o Lu\u00eds, home of Porcus Natura, time, space and balance are the watchwords.\",\"breadcrumb\":{\"@id\":\"https:\/\/theartoftastingportugal.com\/en\/producers\/herdade-de-sao-luis\/#breadcrumb\"},\"inLanguage\":\"en-US\",\"potentialAction\":[{\"@type\":\"ReadAction\",\"target\":[\"https:\/\/theartoftastingportugal.com\/en\/producers\/herdade-de-sao-luis\/\"]}]},{\"@type\":\"BreadcrumbList\",\"@id\":\"https:\/\/theartoftastingportugal.com\/en\/producers\/herdade-de-sao-luis\/#breadcrumb\",\"itemListElement\":[{\"@type\":\"ListItem\",\"position\":1,\"name\":\"In\u00edcio\",\"item\":\"https:\/\/theartoftastingportugal.com\/en\/\"},{\"@type\":\"ListItem\",\"position\":2,\"name\":\"Herdade de S\u00e3o Lu\u00eds\"}]},{\"@type\":\"Person\",\"@id\":\"https:\/\/theartoftastingportugal.com\/#\/schema\/person\/e2da9d950e34ebb9d9d795b6fb9700b4\",\"name\":\"artoftasting\",\"image\":{\"@type\":\"ImageObject\",\"inLanguage\":\"en-US\",\"@id\":\"https:\/\/theartoftastingportugal.com\/#\/schema\/person\/image\/\",\"url\":\"https:\/\/secure.gravatar.com\/avatar\/e816922582ed670494edd7072a2f6b95?s=96&d=mm&r=g\",\"contentUrl\":\"https:\/\/secure.gravatar.com\/avatar\/e816922582ed670494edd7072a2f6b95?s=96&d=mm&r=g\",\"caption\":\"artoftasting\"},\"url\":\"https:\/\/theartoftastingportugal.com\/en\/author\/artoftasting\/\"}]}<\/script>\n<!-- \/ Yoast SEO plugin. -->","yoast_head_json":{"title":"Herdade de S\u00e3o Lu\u00eds - The Art of Tasting Portugal","description":"At Herdade de S\u00e3o Lu\u00eds, home of Porcus Natura, time, space and balance are the watchwords.","robots":{"index":"index","follow":"follow","max-snippet":"max-snippet:-1","max-image-preview":"max-image-preview:large","max-video-preview":"max-video-preview:-1"},"canonical":"https:\/\/theartoftastingportugal.com\/en\/producers\/herdade-de-sao-luis\/","og_locale":"en_US","og_type":"article","og_title":"Herdade de S\u00e3o Lu\u00eds - The Art of Tasting Portugal","og_description":"At Herdade de S\u00e3o Lu\u00eds, home of Porcus Natura, time, space and balance are the watchwords.","og_url":"https:\/\/theartoftastingportugal.com\/en\/producers\/herdade-de-sao-luis\/","og_site_name":"The Art of Tasting Portugal","article_published_time":"2022-01-05T13:42:56+00:00","article_modified_time":"2023-02-27T15:10:52+00:00","og_image":[{"width":365,"height":667,"url":"https:\/\/theartoftastingportugal.com\/wp-content\/uploads\/2022\/01\/Captura-de-ecra-2022-01-05-135421.jpg","type":"image\/jpeg"}],"twitter_card":"summary_large_image","twitter_misc":{"Written by":"artoftasting"},"schema":{"@context":"https:\/\/schema.org","@graph":[{"@type":"WebSite","@id":"https:\/\/theartoftastingportugal.com\/#website","url":"https:\/\/theartoftastingportugal.com\/","name":"The Art of Tasting Portugal","description":"The Art of Tasting Portugal","potentialAction":[{"@type":"SearchAction","target":{"@type":"EntryPoint","urlTemplate":"https:\/\/theartoftastingportugal.com\/?s={search_term_string}"},"query-input":"required name=search_term_string"}],"inLanguage":"en-US"},{"@type":"ImageObject","inLanguage":"en-US","@id":"https:\/\/theartoftastingportugal.com\/en\/producers\/herdade-de-sao-luis\/#primaryimage","url":"https:\/\/theartoftastingportugal.com\/wp-content\/uploads\/2022\/01\/Captura-de-ecra-2022-01-05-135421.jpg","contentUrl":"https:\/\/theartoftastingportugal.com\/wp-content\/uploads\/2022\/01\/Captura-de-ecra-2022-01-05-135421.jpg","width":365,"height":667},{"@type":"WebPage","@id":"https:\/\/theartoftastingportugal.com\/en\/producers\/herdade-de-sao-luis\/#webpage","url":"https:\/\/theartoftastingportugal.com\/en\/producers\/herdade-de-sao-luis\/","name":"Herdade de S\u00e3o Lu\u00eds - The Art of Tasting Portugal","isPartOf":{"@id":"https:\/\/theartoftastingportugal.com\/#website"},"primaryImageOfPage":{"@id":"https:\/\/theartoftastingportugal.com\/en\/producers\/herdade-de-sao-luis\/#primaryimage"},"datePublished":"2022-01-05T13:42:56+00:00","dateModified":"2023-02-27T15:10:52+00:00","author":{"@id":"https:\/\/theartoftastingportugal.com\/#\/schema\/person\/e2da9d950e34ebb9d9d795b6fb9700b4"},"description":"At Herdade de S\u00e3o Lu\u00eds, home of Porcus Natura, time, space and balance are the watchwords.","breadcrumb":{"@id":"https:\/\/theartoftastingportugal.com\/en\/producers\/herdade-de-sao-luis\/#breadcrumb"},"inLanguage":"en-US","potentialAction":[{"@type":"ReadAction","target":["https:\/\/theartoftastingportugal.com\/en\/producers\/herdade-de-sao-luis\/"]}]},{"@type":"BreadcrumbList","@id":"https:\/\/theartoftastingportugal.com\/en\/producers\/herdade-de-sao-luis\/#breadcrumb","itemListElement":[{"@type":"ListItem","position":1,"name":"In\u00edcio","item":"https:\/\/theartoftastingportugal.com\/en\/"},{"@type":"ListItem","position":2,"name":"Herdade de S\u00e3o Lu\u00eds"}]},{"@type":"Person","@id":"https:\/\/theartoftastingportugal.com\/#\/schema\/person\/e2da9d950e34ebb9d9d795b6fb9700b4","name":"artoftasting","image":{"@type":"ImageObject","inLanguage":"en-US","@id":"https:\/\/theartoftastingportugal.com\/#\/schema\/person\/image\/","url":"https:\/\/secure.gravatar.com\/avatar\/e816922582ed670494edd7072a2f6b95?s=96&d=mm&r=g","contentUrl":"https:\/\/secure.gravatar.com\/avatar\/e816922582ed670494edd7072a2f6b95?s=96&d=mm&r=g","caption":"artoftasting"},"url":"https:\/\/theartoftastingportugal.com\/en\/author\/artoftasting\/"}]}},"builder_content":"<p>For more producers like this: aware, informed, and determined!<\/p> <p>At Herdade de S\u00e3o Lu\u00eds, home of Porcus Natura, time, space and balance are the watchwords. Time to let cycles occur naturally, space for animals to move freely and balance between fauna and flora as one takes care of the other and vice versa. The animals of Porcus Natura are of the Puro Alentejano breed and raised in an extensive system of regenerative management. This means cattle raising improves soil productivity, making the pasture so excellent and abundant that it becomes a carbon sequestering agent, thus balancing the emissions caused by animals. For more producers like this: aware, informed, and determined!<\/p>\n<h3>Related with this producer<br\/><\/h3>","post_mailing_queue_ids":[],"_links":{"self":[{"href":"https:\/\/theartoftastingportugal.com\/en\/wp-json\/wp\/v2\/posts\/9209"}],"collection":[{"href":"https:\/\/theartoftastingportugal.com\/en\/wp-json\/wp\/v2\/posts"}],"about":[{"href":"https:\/\/theartoftastingportugal.com\/en\/wp-json\/wp\/v2\/types\/post"}],"author":[{"embeddable":true,"href":"https:\/\/theartoftastingportugal.com\/en\/wp-json\/wp\/v2\/users\/3"}],"replies":[{"embeddable":true,"href":"https:\/\/theartoftastingportugal.com\/en\/wp-json\/wp\/v2\/comments?post=9209"}],"version-history":[{"count":8,"href":"https:\/\/theartoftastingportugal.com\/en\/wp-json\/wp\/v2\/posts\/9209\/revisions"}],"predecessor-version":[{"id":14711,"href":"https:\/\/theartoftastingportugal.com\/en\/wp-json\/wp\/v2\/posts\/9209\/revisions\/14711"}],"wp:featuredmedia":[{"embeddable":true,"href":"https:\/\/theartoftastingportugal.com\/en\/wp-json\/wp\/v2\/media\/9175"}],"wp:attachment":[{"href":"https:\/\/theartoftastingportugal.com\/en\/wp-json\/wp\/v2\/media?parent=9209"}],"wp:term":[{"taxonomy":"category","embeddable":true,"href":"https:\/\/theartoftastingportugal.com\/en\/wp-json\/wp\/v2\/categories?post=9209"},{"taxonomy":"post_tag","embeddable":true,"href":"https:\/\/theartoftastingportugal.com\/en\/wp-json\/wp\/v2\/tags?post=9209"}],"curies":[{"name":"wp","href":"https:\/\/api.w.org\/{rel}","templated":true}]}}