{"id":8594,"date":"2021-11-09T15:20:22","date_gmt":"2021-11-09T15:20:22","guid":{"rendered":"https:\/\/theartoftastingportugal.com\/uncategorized\/antonio-galapito\/"},"modified":"2023-02-22T19:48:04","modified_gmt":"2023-02-22T19:48:04","slug":"antonio-galapito","status":"publish","type":"post","link":"https:\/\/theartoftastingportugal.com\/en\/chefs-en\/antonio-galapito\/","title":{"rendered":"Ant\u00f3nio Galapito"},"content":{"rendered":"<!--themify_builder_content-->\n<div id=\"themify_builder_content-8594\" data-postid=\"8594\" class=\"themify_builder_content themify_builder_content-8594 themify_builder tf_clear\">\n    \t<!-- module_row -->\n\t<div  data-css_id=\"g8gt132\" data-lazy=\"1\" class=\"module_row themify_builder_row fullwidth tb_g8gt132 tb_first tf_clearfix\" >\n\t    \t\t<div class=\"row_inner col_align_middle tf_box tf_w tf_rel\">\n\t\t\t<div  data-lazy=\"1\" class=\"module_column tb-column col4-2 first tb_yq45133 tf_box\">\n\t    \t    \t        <div class=\"tb-column-inner tf_box tf_w\">\n\t\t    <!-- Featured Image module -->\n<div  class=\"module module-image module-featured-image tb_gb7h133 text-center \" data-lazy=\"1\">\n    <div class=\"image-wrap tf_rel\">\n       \t\t\t\t\t\n\t\t\t\t\t\t    <img loading=\"lazy\" src=\"https:\/\/theartoftastingportugal.com\/wp-content\/uploads\/2021\/11\/CY6YtVSg-1024x1024-1000x800.jpeg\" width=\"1000\" height=\"800\" class=\"wp-post-image wp-image-8534\" title=\"CY6YtVSg\" alt=\"Ant\u00f3nio Galapito\">\t\t\t\t\t\n\t\t\t\n\t            <\/div>\n    <!-- \/image-wrap -->\n            <\/div>\n<!-- \/Featured Image module -->\n\t        <\/div>\n\t    \t<\/div>\n\t\t<div  data-lazy=\"1\" class=\"module_column tb-column col4-2 last tb_zktb133 tf_box\">\n\t    \t    \t        <div class=\"tb-column-inner tf_box tf_w\">\n\t\t    <!-- Post Title module -->\n<div  class=\"module module-post-title tb_suqc133 \" data-lazy=\"1\">\n   <h1 class=\"tbp_title\">\n        Ant\u00f3nio Galapito    <\/h1><\/div>\n<!-- \/Post Title module -->\n<!-- module plain text -->\n<div  class=\"module module-plain-text tb_wvt3134 \" data-lazy=\"1\">\n        <div class=\"tb_text_wrap\">\n\tAfter a decade in London, much of it alongside chef Nuno Mendes, Ant\u00f3nio Galapito returned to Lisbon and, in 2017, opened Prado, a restaurant founded on the \u201cfarm to table\u201d concept that has conquered a demanding and heterogeneous clientele. The great objective of Prado is not the coveted Michelin stars, but rather \u201cto make good food, simple and tasty. And above all, make known good national ingredients \u201d.    <\/div>\n<\/div>\n<!-- \/module plain text -->\t        <\/div>\n\t    \t<\/div>\n\t\t    <\/div>\n\t    <!-- \/row_inner -->\n\t<\/div>\n\t<!-- \/module_row -->\n\t\t<!-- module_row -->\n\t<div  data-lazy=\"1\" class=\"module_row themify_builder_row chef-wrapper-pratos tb_wfw7132 tf_clearfix\" >\n\t    \t\t<div class=\"row_inner col_align_top tf_box tf_w tf_rel\">\n\t\t\t<div  data-lazy=\"1\" class=\"module_column tb-column col-full first tb_epvz134 tf_box\">\n\t    \t    \t        <div class=\"tb-column-inner tf_box tf_w\">\n\t\t    <!-- module fancy heading -->\n<div  class=\"module module-fancy-heading tb_8wy4134  tb_hide_divider\" data-lazy=\"1\">\n        <h2 class=\"fancy-heading tf_textc\">\n    <span  class=\"main-head tf_block\">\n\t\t\t\t\tChef Dishes\t\t    <\/span>\n    <span class=\"sub-head tf_block tf_rel\">\n\t\t\t\t\t\t\t    <\/span>\n    <\/h2>\n<\/div>\n<!-- \/module fancy heading -->\n<!-- module post -->\n<div  class=\"module module-post tb_t2v6134 \">\n        <div  class=\"builder-posts-wrap loops-wrapper list-large-image classic tf_clear tf_clearfix\" data-lazy=\"1\">\n\t<article id=\"post-8604\" class=\"post tf_clearfix post-8604 type-post status-publish format-standard has-post-thumbnail hentry category-pratos-do-centro-en category-dishes category-prato-chef-antonio-galapito-en category-prato-ervilhas-en has-post-title no-post-date has-post-category has-post-tag has-post-comment has-post-author   cat-416  cat-356  cat-674  cat-675\">\n\t    \n\t\t\t<a href=\"https:\/\/theartoftastingportugal.com\/en\/dishes\/pea-tart-quail-egg-and-smoked-lardo\/\" aria-label=\"Pea tart, quail egg and smoked lardo\" data-post-permalink=\"yes\" style=\"display: none;\"><\/a>\n\t    \t\t\t<figure class=\"post-image tf_clearfix\">\n\t\t\t    \t\t\t\t\t\t\t\t<a href=\"https:\/\/theartoftastingportugal.com\/en\/dishes\/pea-tart-quail-egg-and-smoked-lardo\/\">\n\t\t\t\t\t\t\t\t<img loading=\"lazy\" src=\"https:\/\/theartoftastingportugal.com\/wp-content\/uploads\/2021\/11\/SI5FLdbg-1-1024x1019-500x450.jpeg\" width=\"500\" height=\"450\" class=\"wp-post-image wp-image-8555\" title=\"SI5FLdbg\" alt=\"SI5FLdbg\">\t\t\t\t\t\t\t\t    \t\t\t\t<\/a>\n\t\t\t\t\t\t\t    \t\t\t<\/figure>\n\t\t\t\t<div class=\"post-content\">\n\t\t<div class=\"post-content-inner\">\n\n\t\t\t\n\t\t\t<h2 class=\"post-title entry-title\"><a href=\"https:\/\/theartoftastingportugal.com\/en\/dishes\/pea-tart-quail-egg-and-smoked-lardo\/\">Pea tart, quail egg and smoked lardo<\/a><\/h2>\n\t\t\t\n\t\t\t\n\t\t\t\t<div class=\"entry-content\">\n\n        \n\t\t\t\t<p>There is a very popular dish in the Portuguese recipe book called \u201cPeas with poached eggs\u201d. This tartlet of peas, quail eggs, and smoked lardo (pig fat) may well be the finger food version of that classic.<\/p>\n\t\t\n\t\t\t    \n\t\t    <p><a href=\"https:\/\/theartoftastingportugal.com\/en\/dishes\/pea-tart-quail-egg-and-smoked-lardo\/\" class=\"more-link\">Read more<\/a><\/p>\n\n\t\t\n\t    \n\t<\/div><!-- \/.entry-content -->\n\t\n\t\t<\/div>\n\t\t<!-- \/.post-content-inner -->\n\t<\/div>\n\t<!-- \/.post-content -->\n\t\n<\/article>\n<!-- \/.post -->\n    <\/div><!-- .builder-posts-wrap -->\n        <\/div>\n<!-- \/module post -->\n\t        <\/div>\n\t    \t<\/div>\n\t\t    <\/div>\n\t    <!-- \/row_inner -->\n\t<\/div>\n\t<!-- \/module_row -->\n\t\t<!-- module_row -->\n\t<div  data-lazy=\"1\" class=\"module_row themify_builder_row chef-wrapper-produtos tb_kaec132 tf_clearfix\" >\n\t    \t\t<div class=\"row_inner col_align_top tf_box tf_w tf_rel\">\n\t\t\t<div  data-lazy=\"1\" class=\"module_column tb-column col-full first tb_djpa135 tf_box\">\n\t    \t    \t        <div class=\"tb-column-inner tf_box tf_w\">\n\t\t    <!-- module fancy heading -->\n<div  class=\"module module-fancy-heading tb_04bm135  tb_hide_divider\" data-lazy=\"1\">\n        <h2 class=\"fancy-heading tf_textc\">\n    <span  class=\"main-head tf_block\">\n\t\t\t\t\tProducts used\t\t    <\/span>\n    <span class=\"sub-head tf_block tf_rel\">\n\t\t\t\t\t\t\t    <\/span>\n    <\/h2>\n<\/div>\n<!-- \/module fancy heading -->\n<!-- module post -->\n<div  class=\"module module-post tb_4v38135 \">\n        <div  class=\"builder-posts-wrap loops-wrapper list-large-image classic tf_clear tf_clearfix\" data-lazy=\"1\">\n\t<article id=\"post-8599\" class=\"post tf_clearfix post-8599 type-post status-publish format-standard has-post-thumbnail hentry category-center-region-products category-ervilha-en category-products category-produtos-antonio-galapito-en category-produtos-nuno-bergonse-en has-post-title no-post-date has-post-category has-post-tag has-post-comment has-post-author   cat-533  cat-672  cat-306  cat-673  cat-660\">\n\t    \n\t\t\t<a href=\"https:\/\/theartoftastingportugal.com\/en\/products\/pea\/\" aria-label=\"Pea\" data-post-permalink=\"yes\" style=\"display: none;\"><\/a>\n\t    \t\t\t<figure class=\"post-image tf_clearfix\">\n\t\t\t    \t\t\t\t\t\t\t\t<a href=\"https:\/\/theartoftastingportugal.com\/en\/products\/pea\/\">\n\t\t\t\t\t\t\t\t<img loading=\"lazy\" src=\"https:\/\/theartoftastingportugal.com\/wp-content\/uploads\/2021\/11\/ervilhas-1024x683-500x450.jpg\" width=\"500\" height=\"450\" class=\"wp-post-image wp-image-8546\" title=\"ervilhas\" alt=\"ervilhas\">\t\t\t\t\t\t\t\t    \t\t\t\t<\/a>\n\t\t\t\t\t\t\t    \t\t\t<\/figure>\n\t\t\t\t<div class=\"post-content\">\n\t\t<div class=\"post-content-inner\">\n\n\t\t\t\n\t\t\t<h2 class=\"post-title entry-title\"><a href=\"https:\/\/theartoftastingportugal.com\/en\/products\/pea\/\">Pea<\/a><\/h2>\n\t\t\t\n\t\t\t\n\t\t\t\t<div class=\"entry-content\">\n\n        \n\t\t\t\t<p>Peas have been grown for thousands of years. <\/p>\n<p>At the market stalls they present themselves in beautiful pods loaded with peas ready to go to the pot. When choosing, prefer the pods that are not broken and the greener and lush ones without dark spots. Peas have been grown for thousands of years. Its plant, the pea plant, originates in Southern and Central Europe, and its nutritional benefits are significant. Its unique flavor and texture make it very versatile. Peas can be consumed in the pod or in grains and can be used both as a side dish or as the key ingredient in a recipe. And is the ritual of peeling peas part of your childhood memories? It sure is part of ours!<\/p>\n\t\t\n\t\t\t    \n\t\t    <p><a href=\"https:\/\/theartoftastingportugal.com\/en\/products\/pea\/\" class=\"more-link\">Read more<\/a><\/p>\n\n\t\t\n\t    \n\t<\/div><!-- \/.entry-content -->\n\t\n\t\t<\/div>\n\t\t<!-- \/.post-content-inner -->\n\t<\/div>\n\t<!-- \/.post-content -->\n\t\n<\/article>\n<!-- \/.post -->\n    <\/div><!-- .builder-posts-wrap -->\n        <\/div>\n<!-- \/module post -->\n\t        <\/div>\n\t    \t<\/div>\n\t\t    <\/div>\n\t    <!-- \/row_inner -->\n\t<\/div>\n\t<!-- \/module_row -->\n\t\t<!-- module_row -->\n\t<div  data-lazy=\"1\" class=\"module_row themify_builder_row chef-wrapper-regioes tb_ecry132 tf_clearfix\" >\n\t    \t\t<div class=\"row_inner col_align_top tf_box tf_w tf_rel\">\n\t\t\t<div  data-lazy=\"1\" class=\"module_column tb-column col-full first tb_u47e135 tf_box\">\n\t    \t    \t        <div class=\"tb-column-inner tf_box tf_w\">\n\t\t    <!-- module fancy heading -->\n<div  class=\"module module-fancy-heading tb_xxaf135  tb_hide_divider\" data-lazy=\"1\">\n        <h2 class=\"fancy-heading tf_textc\">\n    <span  class=\"main-head tf_block\">\n\t\t\t\t\tRegions\t\t    <\/span>\n    <span class=\"sub-head tf_block tf_rel\">\n\t\t\t\t\t\t\t    <\/span>\n    <\/h2>\n<\/div>\n<!-- \/module fancy heading -->\n<!-- module post -->\n<div  class=\"module module-post tb_ezwc136 \">\n        <div  class=\"builder-posts-wrap loops-wrapper list-large-image classic tf_clear tf_clearfix\" data-lazy=\"1\">\n\t<article id=\"post-5736\" class=\"post tf_clearfix post-5736 type-post status-publish format-standard has-post-thumbnail hentry category-center category-regions has-post-title no-post-date has-post-category has-post-tag has-post-comment has-post-author   cat-557  cat-553\">\n\t    \n\t\t\t<a href=\"https:\/\/theartoftastingportugal.com\/en\/regions\/center\/\" aria-label=\"Center\" data-post-permalink=\"yes\" style=\"display: none;\"><\/a>\n\t    \t\t\t<figure class=\"post-image tf_clearfix\">\n\t\t\t    \t\t\t\t\t\t\t\t<a href=\"https:\/\/theartoftastingportugal.com\/en\/regions\/center\/\">\n\t\t\t\t\t\t\t\t<img loading=\"lazy\" src=\"https:\/\/theartoftastingportugal.com\/wp-content\/uploads\/2020\/12\/regiao-centro-1024x380-500x450.jpg\" width=\"500\" height=\"450\" class=\"wp-post-image wp-image-15363\" title=\"regiao-centro\" alt=\"regiao-centro\">\t\t\t\t\t\t\t\t    \t\t\t\t<\/a>\n\t\t\t\t\t\t\t    \t\t\t<\/figure>\n\t\t\t\t<div class=\"post-content\">\n\t\t<div class=\"post-content-inner\">\n\n\t\t\t\n\t\t\t<h2 class=\"post-title entry-title\"><a href=\"https:\/\/theartoftastingportugal.com\/en\/regions\/center\/\">Center<\/a><\/h2>\n\t\t\t\n\t\t\t\n\t\t\t\t<div class=\"entry-content\">\n\n        \n\t\t\t\t<p>The centre of Portugal is proof that virtue (or, in this case, the virtues) is in the middle. From the highest mountain in mainland Portugal to the world\u2019s biggest waves, there is a little bit of everything, without forgetting priceless monumental and human heritage. Schist villages, castles that look like they have emerged from fairy tales, one of the oldest universities in Europe, and even a Portuguese-style Venice.<\/p>\n\t\t\n\t\t\t    \n\t\t    <p><a href=\"https:\/\/theartoftastingportugal.com\/en\/regions\/center\/\" class=\"more-link\">Read more<\/a><\/p>\n\n\t\t\n\t    \n\t<\/div><!-- \/.entry-content -->\n\t\n\t\t<\/div>\n\t\t<!-- \/.post-content-inner -->\n\t<\/div>\n\t<!-- \/.post-content -->\n\t\n<\/article>\n<!-- \/.post -->\n    <\/div><!-- .builder-posts-wrap -->\n        <\/div>\n<!-- \/module post -->\n\t        <\/div>\n\t    \t<\/div>\n\t\t    <\/div>\n\t    <!-- \/row_inner -->\n\t<\/div>\n\t<!-- \/module_row -->\n\t<\/div>\n<!--\/themify_builder_content-->","protected":false},"excerpt":{"rendered":"<p>After a decade in London, much of it alongside chef Nuno Mendes, Ant\u00f3nio Galapito returned to Lisbon and, in 2017, opened Prado, a restaurant founded on the \u201cfarm to table\u201d concept that has conquered a demanding and heterogeneous clientele. The great objective of Prado is not the coveted Michelin stars, but rather \u201cto make good food, simple and tasty. And above all, make known good national ingredients \u201d.<\/p>\n","protected":false},"author":3,"featured_media":8534,"comment_status":"closed","ping_status":"closed","sticky":false,"template":"","format":"standard","meta":[],"categories":[671,346,311],"tags":[],"acf":[],"yoast_head":"<!-- This site is optimized with the Yoast SEO plugin v18.8 - https:\/\/yoast.com\/wordpress\/plugins\/seo\/ -->\n<title>Ant\u00f3nio Galapito - The Art of Tasting Portugal<\/title>\n<meta name=\"description\" content=\"Ao cabo de uma d\u00e9cada em Londres, boa parte dela ao lado do chef Nuno Mendes, Ant\u00f3nio Galapito voltou a Lisboa e, em 2017 abriu o Prado, um restaurante fundado no conceito \u201cfarm to table\u201d que tem conquistado uma clientela exigente e heterog\u00e9nea.\" \/>\n<meta name=\"robots\" content=\"index, follow, max-snippet:-1, max-image-preview:large, max-video-preview:-1\" \/>\n<link rel=\"canonical\" href=\"https:\/\/theartoftastingportugal.com\/en\/chefs-en\/antonio-galapito\/\" \/>\n<meta property=\"og:locale\" content=\"en_US\" \/>\n<meta property=\"og:type\" content=\"article\" \/>\n<meta property=\"og:title\" content=\"Ant\u00f3nio Galapito - The Art of Tasting Portugal\" \/>\n<meta property=\"og:description\" content=\"Ao cabo de uma d\u00e9cada em Londres, boa parte dela ao lado do chef Nuno Mendes, Ant\u00f3nio Galapito voltou a Lisboa e, em 2017 abriu o Prado, um restaurante fundado no conceito \u201cfarm to table\u201d que tem conquistado uma clientela exigente e heterog\u00e9nea.\" \/>\n<meta property=\"og:url\" content=\"https:\/\/theartoftastingportugal.com\/en\/chefs-en\/antonio-galapito\/\" \/>\n<meta property=\"og:site_name\" content=\"The Art of Tasting Portugal\" \/>\n<meta property=\"article:published_time\" content=\"2021-11-09T15:20:22+00:00\" \/>\n<meta property=\"article:modified_time\" content=\"2023-02-22T19:48:04+00:00\" \/>\n<meta property=\"og:image\" content=\"https:\/\/theartoftastingportugal.com\/wp-content\/uploads\/2021\/11\/CY6YtVSg.jpeg\" \/>\n\t<meta property=\"og:image:width\" content=\"1080\" \/>\n\t<meta property=\"og:image:height\" content=\"1080\" \/>\n\t<meta property=\"og:image:type\" content=\"image\/jpeg\" \/>\n<meta name=\"twitter:card\" content=\"summary_large_image\" \/>\n<meta name=\"twitter:label1\" content=\"Written by\" \/>\n\t<meta name=\"twitter:data1\" content=\"artoftasting\" \/>\n<script type=\"application\/ld+json\" class=\"yoast-schema-graph\">{\"@context\":\"https:\/\/schema.org\",\"@graph\":[{\"@type\":\"WebSite\",\"@id\":\"https:\/\/theartoftastingportugal.com\/#website\",\"url\":\"https:\/\/theartoftastingportugal.com\/\",\"name\":\"The Art of Tasting Portugal\",\"description\":\"The Art of Tasting Portugal\",\"potentialAction\":[{\"@type\":\"SearchAction\",\"target\":{\"@type\":\"EntryPoint\",\"urlTemplate\":\"https:\/\/theartoftastingportugal.com\/?s={search_term_string}\"},\"query-input\":\"required name=search_term_string\"}],\"inLanguage\":\"en-US\"},{\"@type\":\"ImageObject\",\"inLanguage\":\"en-US\",\"@id\":\"https:\/\/theartoftastingportugal.com\/en\/chefs-en\/antonio-galapito\/#primaryimage\",\"url\":\"https:\/\/theartoftastingportugal.com\/wp-content\/uploads\/2021\/11\/CY6YtVSg.jpeg\",\"contentUrl\":\"https:\/\/theartoftastingportugal.com\/wp-content\/uploads\/2021\/11\/CY6YtVSg.jpeg\",\"width\":1080,\"height\":1080},{\"@type\":\"WebPage\",\"@id\":\"https:\/\/theartoftastingportugal.com\/en\/chefs-en\/antonio-galapito\/#webpage\",\"url\":\"https:\/\/theartoftastingportugal.com\/en\/chefs-en\/antonio-galapito\/\",\"name\":\"Ant\u00f3nio Galapito - The Art of Tasting Portugal\",\"isPartOf\":{\"@id\":\"https:\/\/theartoftastingportugal.com\/#website\"},\"primaryImageOfPage\":{\"@id\":\"https:\/\/theartoftastingportugal.com\/en\/chefs-en\/antonio-galapito\/#primaryimage\"},\"datePublished\":\"2021-11-09T15:20:22+00:00\",\"dateModified\":\"2023-02-22T19:48:04+00:00\",\"author\":{\"@id\":\"https:\/\/theartoftastingportugal.com\/#\/schema\/person\/e2da9d950e34ebb9d9d795b6fb9700b4\"},\"description\":\"Ao cabo de uma d\u00e9cada em Londres, boa parte dela ao lado do chef Nuno Mendes, Ant\u00f3nio Galapito voltou a Lisboa e, em 2017 abriu o Prado, um restaurante fundado no conceito \u201cfarm to table\u201d que tem conquistado uma clientela exigente e heterog\u00e9nea.\",\"breadcrumb\":{\"@id\":\"https:\/\/theartoftastingportugal.com\/en\/chefs-en\/antonio-galapito\/#breadcrumb\"},\"inLanguage\":\"en-US\",\"potentialAction\":[{\"@type\":\"ReadAction\",\"target\":[\"https:\/\/theartoftastingportugal.com\/en\/chefs-en\/antonio-galapito\/\"]}]},{\"@type\":\"BreadcrumbList\",\"@id\":\"https:\/\/theartoftastingportugal.com\/en\/chefs-en\/antonio-galapito\/#breadcrumb\",\"itemListElement\":[{\"@type\":\"ListItem\",\"position\":1,\"name\":\"In\u00edcio\",\"item\":\"https:\/\/theartoftastingportugal.com\/en\/\"},{\"@type\":\"ListItem\",\"position\":2,\"name\":\"Ant\u00f3nio Galapito\"}]},{\"@type\":\"Person\",\"@id\":\"https:\/\/theartoftastingportugal.com\/#\/schema\/person\/e2da9d950e34ebb9d9d795b6fb9700b4\",\"name\":\"artoftasting\",\"image\":{\"@type\":\"ImageObject\",\"inLanguage\":\"en-US\",\"@id\":\"https:\/\/theartoftastingportugal.com\/#\/schema\/person\/image\/\",\"url\":\"https:\/\/secure.gravatar.com\/avatar\/e816922582ed670494edd7072a2f6b95?s=96&d=mm&r=g\",\"contentUrl\":\"https:\/\/secure.gravatar.com\/avatar\/e816922582ed670494edd7072a2f6b95?s=96&d=mm&r=g\",\"caption\":\"artoftasting\"},\"url\":\"https:\/\/theartoftastingportugal.com\/en\/author\/artoftasting\/\"}]}<\/script>\n<!-- \/ Yoast SEO plugin. -->","yoast_head_json":{"title":"Ant\u00f3nio Galapito - The Art of Tasting Portugal","description":"Ao cabo de uma d\u00e9cada em Londres, boa parte dela ao lado do chef Nuno Mendes, Ant\u00f3nio Galapito voltou a Lisboa e, em 2017 abriu o Prado, um restaurante fundado no conceito \u201cfarm to table\u201d que tem conquistado uma clientela exigente e heterog\u00e9nea.","robots":{"index":"index","follow":"follow","max-snippet":"max-snippet:-1","max-image-preview":"max-image-preview:large","max-video-preview":"max-video-preview:-1"},"canonical":"https:\/\/theartoftastingportugal.com\/en\/chefs-en\/antonio-galapito\/","og_locale":"en_US","og_type":"article","og_title":"Ant\u00f3nio Galapito - The Art of Tasting Portugal","og_description":"Ao cabo de uma d\u00e9cada em Londres, boa parte dela ao lado do chef Nuno Mendes, Ant\u00f3nio Galapito voltou a Lisboa e, em 2017 abriu o Prado, um restaurante fundado no conceito \u201cfarm to table\u201d que tem conquistado uma clientela exigente e heterog\u00e9nea.","og_url":"https:\/\/theartoftastingportugal.com\/en\/chefs-en\/antonio-galapito\/","og_site_name":"The Art of Tasting Portugal","article_published_time":"2021-11-09T15:20:22+00:00","article_modified_time":"2023-02-22T19:48:04+00:00","og_image":[{"width":1080,"height":1080,"url":"https:\/\/theartoftastingportugal.com\/wp-content\/uploads\/2021\/11\/CY6YtVSg.jpeg","type":"image\/jpeg"}],"twitter_card":"summary_large_image","twitter_misc":{"Written by":"artoftasting"},"schema":{"@context":"https:\/\/schema.org","@graph":[{"@type":"WebSite","@id":"https:\/\/theartoftastingportugal.com\/#website","url":"https:\/\/theartoftastingportugal.com\/","name":"The Art of Tasting Portugal","description":"The Art of Tasting Portugal","potentialAction":[{"@type":"SearchAction","target":{"@type":"EntryPoint","urlTemplate":"https:\/\/theartoftastingportugal.com\/?s={search_term_string}"},"query-input":"required name=search_term_string"}],"inLanguage":"en-US"},{"@type":"ImageObject","inLanguage":"en-US","@id":"https:\/\/theartoftastingportugal.com\/en\/chefs-en\/antonio-galapito\/#primaryimage","url":"https:\/\/theartoftastingportugal.com\/wp-content\/uploads\/2021\/11\/CY6YtVSg.jpeg","contentUrl":"https:\/\/theartoftastingportugal.com\/wp-content\/uploads\/2021\/11\/CY6YtVSg.jpeg","width":1080,"height":1080},{"@type":"WebPage","@id":"https:\/\/theartoftastingportugal.com\/en\/chefs-en\/antonio-galapito\/#webpage","url":"https:\/\/theartoftastingportugal.com\/en\/chefs-en\/antonio-galapito\/","name":"Ant\u00f3nio Galapito - The Art of Tasting Portugal","isPartOf":{"@id":"https:\/\/theartoftastingportugal.com\/#website"},"primaryImageOfPage":{"@id":"https:\/\/theartoftastingportugal.com\/en\/chefs-en\/antonio-galapito\/#primaryimage"},"datePublished":"2021-11-09T15:20:22+00:00","dateModified":"2023-02-22T19:48:04+00:00","author":{"@id":"https:\/\/theartoftastingportugal.com\/#\/schema\/person\/e2da9d950e34ebb9d9d795b6fb9700b4"},"description":"Ao cabo de uma d\u00e9cada em Londres, boa parte dela ao lado do chef Nuno Mendes, Ant\u00f3nio Galapito voltou a Lisboa e, em 2017 abriu o Prado, um restaurante fundado no conceito \u201cfarm to table\u201d que tem conquistado uma clientela exigente e heterog\u00e9nea.","breadcrumb":{"@id":"https:\/\/theartoftastingportugal.com\/en\/chefs-en\/antonio-galapito\/#breadcrumb"},"inLanguage":"en-US","potentialAction":[{"@type":"ReadAction","target":["https:\/\/theartoftastingportugal.com\/en\/chefs-en\/antonio-galapito\/"]}]},{"@type":"BreadcrumbList","@id":"https:\/\/theartoftastingportugal.com\/en\/chefs-en\/antonio-galapito\/#breadcrumb","itemListElement":[{"@type":"ListItem","position":1,"name":"In\u00edcio","item":"https:\/\/theartoftastingportugal.com\/en\/"},{"@type":"ListItem","position":2,"name":"Ant\u00f3nio Galapito"}]},{"@type":"Person","@id":"https:\/\/theartoftastingportugal.com\/#\/schema\/person\/e2da9d950e34ebb9d9d795b6fb9700b4","name":"artoftasting","image":{"@type":"ImageObject","inLanguage":"en-US","@id":"https:\/\/theartoftastingportugal.com\/#\/schema\/person\/image\/","url":"https:\/\/secure.gravatar.com\/avatar\/e816922582ed670494edd7072a2f6b95?s=96&d=mm&r=g","contentUrl":"https:\/\/secure.gravatar.com\/avatar\/e816922582ed670494edd7072a2f6b95?s=96&d=mm&r=g","caption":"artoftasting"},"url":"https:\/\/theartoftastingportugal.com\/en\/author\/artoftasting\/"}]}},"builder_content":"<img loading=\"lazy\" src=\"https:\/\/theartoftastingportugal.com\/wp-content\/uploads\/2021\/11\/CY6YtVSg-1024x1024-1000x800.jpeg\" width=\"1000\" height=\"800\" title=\"CY6YtVSg\" alt=\"Ant\u00f3nio Galapito\">\n<h1> Ant\u00f3nio Galapito <\/h1>\nAfter a decade in London, much of it alongside chef Nuno Mendes, Ant\u00f3nio Galapito returned to Lisbon and, in 2017, opened Prado, a restaurant founded on the \u201cfarm to table\u201d concept that has conquered a demanding and heterogeneous clientele. The great objective of Prado is not the coveted Michelin stars, but rather \u201cto make good food, simple and tasty. And above all, make known good national ingredients \u201d.\n<h2>Chef Dishes<br\/><\/h2>\n<h2>Products used<br\/><\/h2>\n<h2>Regions<br\/><\/h2>","post_mailing_queue_ids":[],"_links":{"self":[{"href":"https:\/\/theartoftastingportugal.com\/en\/wp-json\/wp\/v2\/posts\/8594"}],"collection":[{"href":"https:\/\/theartoftastingportugal.com\/en\/wp-json\/wp\/v2\/posts"}],"about":[{"href":"https:\/\/theartoftastingportugal.com\/en\/wp-json\/wp\/v2\/types\/post"}],"author":[{"embeddable":true,"href":"https:\/\/theartoftastingportugal.com\/en\/wp-json\/wp\/v2\/users\/3"}],"replies":[{"embeddable":true,"href":"https:\/\/theartoftastingportugal.com\/en\/wp-json\/wp\/v2\/comments?post=8594"}],"version-history":[{"count":8,"href":"https:\/\/theartoftastingportugal.com\/en\/wp-json\/wp\/v2\/posts\/8594\/revisions"}],"predecessor-version":[{"id":13006,"href":"https:\/\/theartoftastingportugal.com\/en\/wp-json\/wp\/v2\/posts\/8594\/revisions\/13006"}],"wp:featuredmedia":[{"embeddable":true,"href":"https:\/\/theartoftastingportugal.com\/en\/wp-json\/wp\/v2\/media\/8534"}],"wp:attachment":[{"href":"https:\/\/theartoftastingportugal.com\/en\/wp-json\/wp\/v2\/media?parent=8594"}],"wp:term":[{"taxonomy":"category","embeddable":true,"href":"https:\/\/theartoftastingportugal.com\/en\/wp-json\/wp\/v2\/categories?post=8594"},{"taxonomy":"post_tag","embeddable":true,"href":"https:\/\/theartoftastingportugal.com\/en\/wp-json\/wp\/v2\/tags?post=8594"}],"curies":[{"name":"wp","href":"https:\/\/api.w.org\/{rel}","templated":true}]}}