{"id":8511,"date":"2021-11-04T15:50:36","date_gmt":"2021-11-04T15:50:36","guid":{"rendered":"https:\/\/theartoftastingportugal.com\/uncategorized\/creme-brulee-de-tomilho-limao\/"},"modified":"2023-02-24T15:50:41","modified_gmt":"2023-02-24T15:50:41","slug":"lemon-thyme-creme-brulee","status":"publish","type":"post","link":"https:\/\/theartoftastingportugal.com\/en\/dishes\/lemon-thyme-creme-brulee\/","title":{"rendered":"Lemon thyme cr\u00e8me br\u00fbl\u00e9e"},"content":{"rendered":"<!--themify_builder_content-->\n<div id=\"themify_builder_content-8511\" data-postid=\"8511\" class=\"themify_builder_content themify_builder_content-8511 themify_builder tf_clear\">\n    \t<!-- module_row -->\n\t<div  data-lazy=\"1\" class=\"module_row themify_builder_row tb_v0zz52 tb_first tf_clearfix\">\n\t    \t\t<div class=\"row_inner col_align_top tf_box tf_w tf_rel\">\n\t\t\t<div  data-lazy=\"1\" class=\"module_column tb-column col4-2 first tb_pcxb52 tf_box\">\n\t    \t    \t        <div class=\"tb-column-inner tf_box tf_w\">\n\t\t    <!-- Featured Image module -->\n<div  class=\"module module-image module-featured-image tb_7wpc52  \" data-lazy=\"1\">\n    <div class=\"image-wrap tf_rel\">\n       \t\t\t\t    <a  href=\"https:\/\/theartoftastingportugal.com\/en\/dishes\/lemon-thyme-creme-brulee\/\"> \n\t\t\t\t\t\n\t\t\t\t\t\t    <img loading=\"lazy\" width=\"1500\" height=\"1123\" src=\"https:\/\/theartoftastingportugal.com\/wp-content\/uploads\/2021\/11\/s2uzoalA-1.jpeg\" class=\"wp-post-image wp-image-8469\" title=\"s2uzoalA\" alt=\"Lemon thyme cr\u00e8me br\u00fbl\u00e9e\" srcset=\"https:\/\/theartoftastingportugal.com\/wp-content\/uploads\/2021\/11\/s2uzoalA-1.jpeg 1500w, https:\/\/theartoftastingportugal.com\/wp-content\/uploads\/2021\/11\/s2uzoalA-1-600x449.jpeg 600w, https:\/\/theartoftastingportugal.com\/wp-content\/uploads\/2021\/11\/s2uzoalA-1-300x225.jpeg 300w, https:\/\/theartoftastingportugal.com\/wp-content\/uploads\/2021\/11\/s2uzoalA-1-1024x767.jpeg 1024w, https:\/\/theartoftastingportugal.com\/wp-content\/uploads\/2021\/11\/s2uzoalA-1-768x575.jpeg 768w\" sizes=\"(max-width: 1500px) 100vw, 1500px\" \/>\t\t\t\t\t\n\t\t\t\t    <\/a>\n\t\t\t\n\t            <\/div>\n    <!-- \/image-wrap -->\n            <\/div>\n<!-- \/Featured Image module -->\n\t        <\/div>\n\t    \t<\/div>\n\t\t<div  data-lazy=\"1\" class=\"module_column tb-column col4-2 last tb_np2v53 tf_box\">\n\t    \t    \t        <div class=\"tb-column-inner tf_box tf_w\">\n\t\t    <!-- Post Title module -->\n<div  class=\"module module-post-title tb_jrg853 \" data-lazy=\"1\">\n   <h1 class=\"tbp_title\">\n        Lemon thyme cr\u00e8me br\u00fbl\u00e9e    <\/h1><\/div>\n<!-- \/Post Title module -->\n<!-- module text -->\n<div  class=\"module module-text tb_jgi053   \" data-lazy=\"1\">\n        <div  class=\"tb_text_wrap\">\n    <p>Cr\u00e8me br\u00fbl\u00e9e, the classic French dessert famous worldwide, has, in this recipe from chef Chef Nuno Bergonese, a special touch, courtesy of the aromatic Crete thyme.<\/p>    <\/div>\n<\/div>\n<!-- \/module text -->\t        <\/div>\n\t    \t<\/div>\n\t\t    <\/div>\n\t    <!-- \/row_inner -->\n\t<\/div>\n\t<!-- \/module_row -->\n\t\t<!-- module_row -->\n\t<div  data-lazy=\"1\" class=\"module_row themify_builder_row tb_w45152 tf_clearfix\" >\n\t    \t\t<div class=\"row_inner col_align_top tf_box tf_w tf_rel\">\n\t\t\t<div  data-lazy=\"1\" class=\"module_column tb-column col-full first tb_wreo54 tf_box\">\n\t    \t    \t        <div class=\"tb-column-inner tf_box tf_w\">\n\t\t    <!-- module fancy heading -->\n<div  class=\"module module-fancy-heading tb_rbmk54 \" data-lazy=\"1\">\n        <h3 class=\"fancy-heading tf_textc\">\n    <span  class=\"main-head tf_block\">\n\t\t\t\t\tRELATED WITH THIS DISH\t\t    <\/span>\n    <span class=\"sub-head tf_block tf_rel\">\n\t\t\t\t\t\t\t    <\/span>\n    <\/h3>\n<\/div>\n<!-- \/module fancy heading -->\n\t        <\/div>\n\t    \t<\/div>\n\t\t    <\/div>\n\t    <!-- \/row_inner -->\n\t<\/div>\n\t<!-- \/module_row -->\n\t\t<!-- module_row -->\n\t<div  data-lazy=\"1\" class=\"module_row themify_builder_row tb_m7gr52 tf_clearfix\" >\n\t    \t\t<div class=\"row_inner col_align_top tf_box tf_w tf_rel\">\n\t\t\t<div  data-lazy=\"1\" class=\"module_column tb-column col3-1 first tb_ytvu54 tf_box\">\n\t    \t    \t        <div class=\"tb-column-inner tf_box tf_w\">\n\t\t    <!-- module post -->\n<div  class=\"module module-post tb_enil54 posts-relacionados-titulo\">\n        <div  class=\"builder-posts-wrap loops-wrapper list-post classic tf_clear tf_clearfix\" data-lazy=\"1\">\n\t<article id=\"post-8503\" class=\"post tf_clearfix post-8503 type-post status-publish format-standard has-post-thumbnail hentry category-chefs-algarve-en category-chefs-en category-nuno-bergonse-en has-post-title no-post-date has-post-category has-post-tag has-post-comment has-post-author   cat-345  cat-311  cat-659\">\n\t    \n\t\t\t<a href=\"https:\/\/theartoftastingportugal.com\/en\/chefs-en\/nuno-bergonse\/\" aria-label=\"Nuno Bergonse\" data-post-permalink=\"yes\" style=\"display: none;\"><\/a>\n\t    \t\t\t<figure class=\"post-image tf_clearfix\">\n\t\t\t    \t\t\t\t\t\t\t\t<a href=\"https:\/\/theartoftastingportugal.com\/en\/chefs-en\/nuno-bergonse\/\">\n\t\t\t\t\t\t\t\t<img loading=\"lazy\" width=\"1080\" height=\"1080\" src=\"https:\/\/theartoftastingportugal.com\/wp-content\/uploads\/2021\/11\/lNd8p7cB.jpeg\" class=\"wp-post-image wp-image-8446\" title=\"lNd8p7cB\" alt=\"lNd8p7cB\" srcset=\"https:\/\/theartoftastingportugal.com\/wp-content\/uploads\/2021\/11\/lNd8p7cB.jpeg 1080w, https:\/\/theartoftastingportugal.com\/wp-content\/uploads\/2021\/11\/lNd8p7cB-300x300.jpeg 300w, https:\/\/theartoftastingportugal.com\/wp-content\/uploads\/2021\/11\/lNd8p7cB-100x100.jpeg 100w, https:\/\/theartoftastingportugal.com\/wp-content\/uploads\/2021\/11\/lNd8p7cB-600x600.jpeg 600w, https:\/\/theartoftastingportugal.com\/wp-content\/uploads\/2021\/11\/lNd8p7cB-1024x1024.jpeg 1024w, https:\/\/theartoftastingportugal.com\/wp-content\/uploads\/2021\/11\/lNd8p7cB-150x150.jpeg 150w, https:\/\/theartoftastingportugal.com\/wp-content\/uploads\/2021\/11\/lNd8p7cB-768x768.jpeg 768w, https:\/\/theartoftastingportugal.com\/wp-content\/uploads\/2021\/11\/lNd8p7cB-1024x1024-360x360.jpeg 360w, https:\/\/theartoftastingportugal.com\/wp-content\/uploads\/2021\/11\/lNd8p7cB-1024x1024-450x450.jpeg 450w\" sizes=\"(max-width: 1080px) 100vw, 1080px\" \/>\t\t\t\t\t\t\t\t    \t\t\t\t<\/a>\n\t\t\t\t\t\t\t    \t\t\t<\/figure>\n\t\t\t\t<div class=\"post-content\">\n\t\t<div class=\"post-content-inner\">\n\n\t\t\t\n\t\t\t<h2 class=\"post-title entry-title\"><a href=\"https:\/\/theartoftastingportugal.com\/en\/chefs-en\/nuno-bergonse\/\">Nuno Bergonse<\/a><\/h2>\n\t\t\t\n\t\t\t\n\t\t\t\t<div class=\"entry-content\">\n\n        \n\t<\/div><!-- \/.entry-content -->\n\t\n\t\t<\/div>\n\t\t<!-- \/.post-content-inner -->\n\t<\/div>\n\t<!-- \/.post-content -->\n\t\n<\/article>\n<!-- \/.post -->\n    <\/div><!-- .builder-posts-wrap -->\n        <\/div>\n<!-- \/module post -->\n\t        <\/div>\n\t    \t<\/div>\n\t\t<div  data-lazy=\"1\" class=\"module_column tb-column col3-1 middle tb_ckdx55 tf_box\">\n\t    \t    \t        <div class=\"tb-column-inner tf_box tf_w\">\n\t\t    <!-- module post -->\n<div  class=\"module module-post tb_1fye55 posts-relacionados-titulo\">\n        <div  class=\"builder-posts-wrap loops-wrapper list-post classic tf_clear tf_clearfix\" data-lazy=\"1\">\n\t<article id=\"post-8506\" class=\"post tf_clearfix post-8506 type-post status-publish format-standard has-post-thumbnail hentry category-algarve-products category-products category-produtos-nuno-bergonse-en category-tomilho-selvagem-en has-post-title no-post-date has-post-category has-post-tag has-post-comment has-post-author   cat-528  cat-306  cat-660  cat-661\">\n\t    \n\t\t\t<a href=\"https:\/\/theartoftastingportugal.com\/en\/products\/wild-thyme\/\" aria-label=\"Wild thyme\" data-post-permalink=\"yes\" style=\"display: none;\"><\/a>\n\t    \t\t\t<figure class=\"post-image tf_clearfix\">\n\t\t\t    \t\t\t\t\t\t\t\t<a href=\"https:\/\/theartoftastingportugal.com\/en\/products\/wild-thyme\/\">\n\t\t\t\t\t\t\t\t<img loading=\"lazy\" src=\"https:\/\/theartoftastingportugal.com\/wp-content\/uploads\/2021\/11\/qNEvfW4A-1024x1024-360x360.jpeg\" width=\"360\" height=\"360\" class=\"wp-post-image wp-image-8456\" title=\"qNEvfW4A\" alt=\"qNEvfW4A\" srcset=\"https:\/\/theartoftastingportugal.com\/wp-content\/uploads\/2021\/11\/qNEvfW4A-1024x1024-360x360.jpeg 360w, https:\/\/theartoftastingportugal.com\/wp-content\/uploads\/2021\/11\/qNEvfW4A-300x300.jpeg 300w, https:\/\/theartoftastingportugal.com\/wp-content\/uploads\/2021\/11\/qNEvfW4A-100x100.jpeg 100w, https:\/\/theartoftastingportugal.com\/wp-content\/uploads\/2021\/11\/qNEvfW4A-600x600.jpeg 600w, https:\/\/theartoftastingportugal.com\/wp-content\/uploads\/2021\/11\/qNEvfW4A-1024x1024.jpeg 1024w, https:\/\/theartoftastingportugal.com\/wp-content\/uploads\/2021\/11\/qNEvfW4A-150x150.jpeg 150w, https:\/\/theartoftastingportugal.com\/wp-content\/uploads\/2021\/11\/qNEvfW4A-768x768.jpeg 768w, https:\/\/theartoftastingportugal.com\/wp-content\/uploads\/2021\/11\/qNEvfW4A-1024x1024-450x450.jpeg 450w, https:\/\/theartoftastingportugal.com\/wp-content\/uploads\/2021\/11\/qNEvfW4A.jpeg 1080w\" sizes=\"(max-width: 360px) 100vw, 360px\" \/>\t\t\t\t\t\t\t\t    \t\t\t\t<\/a>\n\t\t\t\t\t\t\t    \t\t\t<\/figure>\n\t\t\t\t<div class=\"post-content\">\n\t\t<div class=\"post-content-inner\">\n\n\t\t\t\n\t\t\t<h2 class=\"post-title entry-title\"><a href=\"https:\/\/theartoftastingportugal.com\/en\/products\/wild-thyme\/\">Wild thyme<\/a><\/h2>\n\t\t\t\n\t\t\t\n\t\t\t\t<div class=\"entry-content\">\n\n        \n\t<\/div><!-- \/.entry-content -->\n\t\n\t\t<\/div>\n\t\t<!-- \/.post-content-inner -->\n\t<\/div>\n\t<!-- \/.post-content -->\n\t\n<\/article>\n<!-- \/.post -->\n    <\/div><!-- .builder-posts-wrap -->\n        <\/div>\n<!-- \/module post -->\n\t        <\/div>\n\t    \t<\/div>\n\t\t<div  data-lazy=\"1\" class=\"module_column tb-column col3-1 last tb_jpe155 tf_box\">\n\t    \t    \t        <div class=\"tb-column-inner tf_box tf_w\">\n\t\t    <!-- module post -->\n<div  class=\"module module-post tb_3jzk55 posts-relacionados-titulo\">\n        <div  class=\"builder-posts-wrap loops-wrapper list-post classic tf_clear tf_clearfix\" data-lazy=\"1\">\n\t<article id=\"post-5694\" class=\"post tf_clearfix post-5694 type-post status-publish format-standard has-post-thumbnail hentry category-algarve-en category-regions has-post-title no-post-date has-post-category has-post-tag has-post-comment has-post-author   cat-555  cat-553\">\n\t    \n\t\t\t<a href=\"https:\/\/theartoftastingportugal.com\/en\/regions\/algarve\/\" aria-label=\"Algarve\" data-post-permalink=\"yes\" style=\"display: none;\"><\/a>\n\t    \t\t\t<figure class=\"post-image tf_clearfix\">\n\t\t\t    \t\t\t\t\t\t\t\t<a href=\"https:\/\/theartoftastingportugal.com\/en\/regions\/algarve\/\">\n\t\t\t\t\t\t\t\t<img loading=\"lazy\" src=\"https:\/\/theartoftastingportugal.com\/wp-content\/uploads\/2020\/12\/regiao-algarve-1024x380-360x360.jpg\" width=\"360\" height=\"360\" class=\"wp-post-image wp-image-15386\" title=\"regiao-algarve\" alt=\"regiao-algarve\" srcset=\"https:\/\/theartoftastingportugal.com\/wp-content\/uploads\/2020\/12\/regiao-algarve-1024x380-360x360.jpg 360w, https:\/\/theartoftastingportugal.com\/wp-content\/uploads\/2020\/12\/regiao-algarve-150x150.jpg 150w, https:\/\/theartoftastingportugal.com\/wp-content\/uploads\/2020\/12\/regiao-algarve-300x300.jpg 300w, https:\/\/theartoftastingportugal.com\/wp-content\/uploads\/2020\/12\/regiao-algarve-100x100.jpg 100w\" sizes=\"(max-width: 360px) 100vw, 360px\" \/>\t\t\t\t\t\t\t\t    \t\t\t\t<\/a>\n\t\t\t\t\t\t\t    \t\t\t<\/figure>\n\t\t\t\t<div class=\"post-content\">\n\t\t<div class=\"post-content-inner\">\n\n\t\t\t\n\t\t\t<h2 class=\"post-title entry-title\"><a href=\"https:\/\/theartoftastingportugal.com\/en\/regions\/algarve\/\">Algarve<\/a><\/h2>\n\t\t\t\n\t\t\t\n\t\t\t\t<div class=\"entry-content\">\n\n        \n\t<\/div><!-- \/.entry-content -->\n\t\n\t\t<\/div>\n\t\t<!-- \/.post-content-inner -->\n\t<\/div>\n\t<!-- \/.post-content -->\n\t\n<\/article>\n<!-- \/.post -->\n    <\/div><!-- .builder-posts-wrap -->\n        <\/div>\n<!-- \/module post -->\n\t        <\/div>\n\t    \t<\/div>\n\t\t    <\/div>\n\t    <!-- \/row_inner -->\n\t<\/div>\n\t<!-- \/module_row -->\n\t<\/div>\n<!--\/themify_builder_content-->","protected":false},"excerpt":{"rendered":"<p>Cr\u00e8me br\u00fbl\u00e9e, the classic French dessert famous worldwide, has, in this recipe from chef Chef Nuno Bergonese, a special touch, courtesy of the aromatic Crete thyme.<\/p>\n","protected":false},"author":3,"featured_media":8469,"comment_status":"open","ping_status":"open","sticky":false,"template":"","format":"standard","meta":[],"categories":[411,356,662,663],"tags":[],"acf":[],"yoast_head":"<!-- This site is optimized with the Yoast SEO plugin v18.8 - https:\/\/yoast.com\/wordpress\/plugins\/seo\/ -->\n<title>Lemon thyme cr\u00e8me br\u00fbl\u00e9e - The Art of Tasting Portugal<\/title>\n<meta name=\"description\" content=\"Cr\u00e8me br\u00fbl\u00e9e, the classic French dessert famous worldwide, has, in this recipe from chef Chef Nuno Bergonese, a special touch, courtesy of the aromatic Crete thyme.\" \/>\n<meta name=\"robots\" content=\"index, follow, max-snippet:-1, max-image-preview:large, max-video-preview:-1\" \/>\n<link rel=\"canonical\" href=\"https:\/\/theartoftastingportugal.com\/en\/dishes\/lemon-thyme-creme-brulee\/\" \/>\n<meta property=\"og:locale\" content=\"en_US\" \/>\n<meta property=\"og:type\" content=\"article\" \/>\n<meta property=\"og:title\" content=\"Lemon thyme cr\u00e8me br\u00fbl\u00e9e - The Art of Tasting Portugal\" \/>\n<meta property=\"og:description\" content=\"Cr\u00e8me br\u00fbl\u00e9e, the classic French dessert famous worldwide, has, in this recipe from chef Chef Nuno Bergonese, a special touch, courtesy of the aromatic Crete thyme.\" \/>\n<meta property=\"og:url\" content=\"https:\/\/theartoftastingportugal.com\/en\/dishes\/lemon-thyme-creme-brulee\/\" \/>\n<meta property=\"og:site_name\" content=\"The Art of Tasting Portugal\" \/>\n<meta property=\"article:published_time\" content=\"2021-11-04T15:50:36+00:00\" \/>\n<meta property=\"article:modified_time\" content=\"2023-02-24T15:50:41+00:00\" \/>\n<meta property=\"og:image\" content=\"https:\/\/theartoftastingportugal.com\/wp-content\/uploads\/2021\/11\/s2uzoalA-1.jpeg\" \/>\n\t<meta property=\"og:image:width\" content=\"1500\" \/>\n\t<meta property=\"og:image:height\" content=\"1123\" \/>\n\t<meta property=\"og:image:type\" content=\"image\/jpeg\" \/>\n<meta name=\"twitter:card\" content=\"summary_large_image\" \/>\n<meta name=\"twitter:label1\" content=\"Written by\" \/>\n\t<meta name=\"twitter:data1\" content=\"artoftasting\" \/>\n<script type=\"application\/ld+json\" class=\"yoast-schema-graph\">{\"@context\":\"https:\/\/schema.org\",\"@graph\":[{\"@type\":\"WebSite\",\"@id\":\"https:\/\/theartoftastingportugal.com\/#website\",\"url\":\"https:\/\/theartoftastingportugal.com\/\",\"name\":\"The Art of Tasting Portugal\",\"description\":\"The Art of Tasting Portugal\",\"potentialAction\":[{\"@type\":\"SearchAction\",\"target\":{\"@type\":\"EntryPoint\",\"urlTemplate\":\"https:\/\/theartoftastingportugal.com\/?s={search_term_string}\"},\"query-input\":\"required name=search_term_string\"}],\"inLanguage\":\"en-US\"},{\"@type\":\"ImageObject\",\"inLanguage\":\"en-US\",\"@id\":\"https:\/\/theartoftastingportugal.com\/en\/dishes\/lemon-thyme-creme-brulee\/#primaryimage\",\"url\":\"https:\/\/theartoftastingportugal.com\/wp-content\/uploads\/2021\/11\/s2uzoalA-1.jpeg\",\"contentUrl\":\"https:\/\/theartoftastingportugal.com\/wp-content\/uploads\/2021\/11\/s2uzoalA-1.jpeg\",\"width\":1500,\"height\":1123},{\"@type\":\"WebPage\",\"@id\":\"https:\/\/theartoftastingportugal.com\/en\/dishes\/lemon-thyme-creme-brulee\/#webpage\",\"url\":\"https:\/\/theartoftastingportugal.com\/en\/dishes\/lemon-thyme-creme-brulee\/\",\"name\":\"Lemon thyme cr\u00e8me br\u00fbl\u00e9e - The Art of Tasting Portugal\",\"isPartOf\":{\"@id\":\"https:\/\/theartoftastingportugal.com\/#website\"},\"primaryImageOfPage\":{\"@id\":\"https:\/\/theartoftastingportugal.com\/en\/dishes\/lemon-thyme-creme-brulee\/#primaryimage\"},\"datePublished\":\"2021-11-04T15:50:36+00:00\",\"dateModified\":\"2023-02-24T15:50:41+00:00\",\"author\":{\"@id\":\"https:\/\/theartoftastingportugal.com\/#\/schema\/person\/e2da9d950e34ebb9d9d795b6fb9700b4\"},\"description\":\"Cr\u00e8me br\u00fbl\u00e9e, the classic French dessert famous worldwide, has, in this recipe from chef Chef Nuno Bergonese, a special touch, courtesy of the aromatic Crete thyme.\",\"breadcrumb\":{\"@id\":\"https:\/\/theartoftastingportugal.com\/en\/dishes\/lemon-thyme-creme-brulee\/#breadcrumb\"},\"inLanguage\":\"en-US\",\"potentialAction\":[{\"@type\":\"ReadAction\",\"target\":[\"https:\/\/theartoftastingportugal.com\/en\/dishes\/lemon-thyme-creme-brulee\/\"]}]},{\"@type\":\"BreadcrumbList\",\"@id\":\"https:\/\/theartoftastingportugal.com\/en\/dishes\/lemon-thyme-creme-brulee\/#breadcrumb\",\"itemListElement\":[{\"@type\":\"ListItem\",\"position\":1,\"name\":\"In\u00edcio\",\"item\":\"https:\/\/theartoftastingportugal.com\/en\/\"},{\"@type\":\"ListItem\",\"position\":2,\"name\":\"Lemon thyme cr\u00e8me br\u00fbl\u00e9e\"}]},{\"@type\":\"Person\",\"@id\":\"https:\/\/theartoftastingportugal.com\/#\/schema\/person\/e2da9d950e34ebb9d9d795b6fb9700b4\",\"name\":\"artoftasting\",\"image\":{\"@type\":\"ImageObject\",\"inLanguage\":\"en-US\",\"@id\":\"https:\/\/theartoftastingportugal.com\/#\/schema\/person\/image\/\",\"url\":\"https:\/\/secure.gravatar.com\/avatar\/e816922582ed670494edd7072a2f6b95?s=96&d=mm&r=g\",\"contentUrl\":\"https:\/\/secure.gravatar.com\/avatar\/e816922582ed670494edd7072a2f6b95?s=96&d=mm&r=g\",\"caption\":\"artoftasting\"},\"url\":\"https:\/\/theartoftastingportugal.com\/en\/author\/artoftasting\/\"}]}<\/script>\n<!-- \/ Yoast SEO plugin. -->","yoast_head_json":{"title":"Lemon thyme cr\u00e8me br\u00fbl\u00e9e - The Art of Tasting Portugal","description":"Cr\u00e8me br\u00fbl\u00e9e, the classic French dessert famous worldwide, has, in this recipe from chef Chef Nuno Bergonese, a special touch, courtesy of the aromatic Crete thyme.","robots":{"index":"index","follow":"follow","max-snippet":"max-snippet:-1","max-image-preview":"max-image-preview:large","max-video-preview":"max-video-preview:-1"},"canonical":"https:\/\/theartoftastingportugal.com\/en\/dishes\/lemon-thyme-creme-brulee\/","og_locale":"en_US","og_type":"article","og_title":"Lemon thyme cr\u00e8me br\u00fbl\u00e9e - The Art of Tasting Portugal","og_description":"Cr\u00e8me br\u00fbl\u00e9e, the classic French dessert famous worldwide, has, in this recipe from chef Chef Nuno Bergonese, a special touch, courtesy of the aromatic Crete thyme.","og_url":"https:\/\/theartoftastingportugal.com\/en\/dishes\/lemon-thyme-creme-brulee\/","og_site_name":"The Art of Tasting Portugal","article_published_time":"2021-11-04T15:50:36+00:00","article_modified_time":"2023-02-24T15:50:41+00:00","og_image":[{"width":1500,"height":1123,"url":"https:\/\/theartoftastingportugal.com\/wp-content\/uploads\/2021\/11\/s2uzoalA-1.jpeg","type":"image\/jpeg"}],"twitter_card":"summary_large_image","twitter_misc":{"Written by":"artoftasting"},"schema":{"@context":"https:\/\/schema.org","@graph":[{"@type":"WebSite","@id":"https:\/\/theartoftastingportugal.com\/#website","url":"https:\/\/theartoftastingportugal.com\/","name":"The Art of Tasting Portugal","description":"The Art of Tasting Portugal","potentialAction":[{"@type":"SearchAction","target":{"@type":"EntryPoint","urlTemplate":"https:\/\/theartoftastingportugal.com\/?s={search_term_string}"},"query-input":"required name=search_term_string"}],"inLanguage":"en-US"},{"@type":"ImageObject","inLanguage":"en-US","@id":"https:\/\/theartoftastingportugal.com\/en\/dishes\/lemon-thyme-creme-brulee\/#primaryimage","url":"https:\/\/theartoftastingportugal.com\/wp-content\/uploads\/2021\/11\/s2uzoalA-1.jpeg","contentUrl":"https:\/\/theartoftastingportugal.com\/wp-content\/uploads\/2021\/11\/s2uzoalA-1.jpeg","width":1500,"height":1123},{"@type":"WebPage","@id":"https:\/\/theartoftastingportugal.com\/en\/dishes\/lemon-thyme-creme-brulee\/#webpage","url":"https:\/\/theartoftastingportugal.com\/en\/dishes\/lemon-thyme-creme-brulee\/","name":"Lemon thyme cr\u00e8me br\u00fbl\u00e9e - The Art of Tasting Portugal","isPartOf":{"@id":"https:\/\/theartoftastingportugal.com\/#website"},"primaryImageOfPage":{"@id":"https:\/\/theartoftastingportugal.com\/en\/dishes\/lemon-thyme-creme-brulee\/#primaryimage"},"datePublished":"2021-11-04T15:50:36+00:00","dateModified":"2023-02-24T15:50:41+00:00","author":{"@id":"https:\/\/theartoftastingportugal.com\/#\/schema\/person\/e2da9d950e34ebb9d9d795b6fb9700b4"},"description":"Cr\u00e8me br\u00fbl\u00e9e, the classic French dessert famous worldwide, has, in this recipe from chef Chef Nuno Bergonese, a special touch, courtesy of the aromatic Crete thyme.","breadcrumb":{"@id":"https:\/\/theartoftastingportugal.com\/en\/dishes\/lemon-thyme-creme-brulee\/#breadcrumb"},"inLanguage":"en-US","potentialAction":[{"@type":"ReadAction","target":["https:\/\/theartoftastingportugal.com\/en\/dishes\/lemon-thyme-creme-brulee\/"]}]},{"@type":"BreadcrumbList","@id":"https:\/\/theartoftastingportugal.com\/en\/dishes\/lemon-thyme-creme-brulee\/#breadcrumb","itemListElement":[{"@type":"ListItem","position":1,"name":"In\u00edcio","item":"https:\/\/theartoftastingportugal.com\/en\/"},{"@type":"ListItem","position":2,"name":"Lemon thyme cr\u00e8me br\u00fbl\u00e9e"}]},{"@type":"Person","@id":"https:\/\/theartoftastingportugal.com\/#\/schema\/person\/e2da9d950e34ebb9d9d795b6fb9700b4","name":"artoftasting","image":{"@type":"ImageObject","inLanguage":"en-US","@id":"https:\/\/theartoftastingportugal.com\/#\/schema\/person\/image\/","url":"https:\/\/secure.gravatar.com\/avatar\/e816922582ed670494edd7072a2f6b95?s=96&d=mm&r=g","contentUrl":"https:\/\/secure.gravatar.com\/avatar\/e816922582ed670494edd7072a2f6b95?s=96&d=mm&r=g","caption":"artoftasting"},"url":"https:\/\/theartoftastingportugal.com\/en\/author\/artoftasting\/"}]}},"builder_content":"<a href=\"https:\/\/theartoftastingportugal.com\/en\/dishes\/lemon-thyme-creme-brulee\/\"> <img loading=\"lazy\" width=\"1500\" height=\"1123\" src=\"https:\/\/theartoftastingportugal.com\/wp-content\/uploads\/2021\/11\/s2uzoalA-1.jpeg\" title=\"s2uzoalA\" alt=\"Lemon thyme cr\u00e8me br\u00fbl\u00e9e\" srcset=\"https:\/\/theartoftastingportugal.com\/wp-content\/uploads\/2021\/11\/s2uzoalA-1.jpeg 1500w, https:\/\/theartoftastingportugal.com\/wp-content\/uploads\/2021\/11\/s2uzoalA-1-600x449.jpeg 600w, https:\/\/theartoftastingportugal.com\/wp-content\/uploads\/2021\/11\/s2uzoalA-1-300x225.jpeg 300w, https:\/\/theartoftastingportugal.com\/wp-content\/uploads\/2021\/11\/s2uzoalA-1-1024x767.jpeg 1024w, https:\/\/theartoftastingportugal.com\/wp-content\/uploads\/2021\/11\/s2uzoalA-1-768x575.jpeg 768w\" sizes=\"(max-width: 1500px) 100vw, 1500px\" \/> <\/a>\n<h1> Lemon thyme cr\u00e8me br\u00fbl\u00e9e <\/h1>\n<p>Cr\u00e8me br\u00fbl\u00e9e, the classic French dessert famous worldwide, has, in this recipe from chef Chef Nuno Bergonese, a special touch, courtesy of the aromatic Crete thyme.<\/p>\n<h3>RELATED WITH THIS DISH<br\/><\/h3>","post_mailing_queue_ids":[],"_links":{"self":[{"href":"https:\/\/theartoftastingportugal.com\/en\/wp-json\/wp\/v2\/posts\/8511"}],"collection":[{"href":"https:\/\/theartoftastingportugal.com\/en\/wp-json\/wp\/v2\/posts"}],"about":[{"href":"https:\/\/theartoftastingportugal.com\/en\/wp-json\/wp\/v2\/types\/post"}],"author":[{"embeddable":true,"href":"https:\/\/theartoftastingportugal.com\/en\/wp-json\/wp\/v2\/users\/3"}],"replies":[{"embeddable":true,"href":"https:\/\/theartoftastingportugal.com\/en\/wp-json\/wp\/v2\/comments?post=8511"}],"version-history":[{"count":5,"href":"https:\/\/theartoftastingportugal.com\/en\/wp-json\/wp\/v2\/posts\/8511\/revisions"}],"predecessor-version":[{"id":13728,"href":"https:\/\/theartoftastingportugal.com\/en\/wp-json\/wp\/v2\/posts\/8511\/revisions\/13728"}],"wp:featuredmedia":[{"embeddable":true,"href":"https:\/\/theartoftastingportugal.com\/en\/wp-json\/wp\/v2\/media\/8469"}],"wp:attachment":[{"href":"https:\/\/theartoftastingportugal.com\/en\/wp-json\/wp\/v2\/media?parent=8511"}],"wp:term":[{"taxonomy":"category","embeddable":true,"href":"https:\/\/theartoftastingportugal.com\/en\/wp-json\/wp\/v2\/categories?post=8511"},{"taxonomy":"post_tag","embeddable":true,"href":"https:\/\/theartoftastingportugal.com\/en\/wp-json\/wp\/v2\/tags?post=8511"}],"curies":[{"name":"wp","href":"https:\/\/api.w.org\/{rel}","templated":true}]}}