{"id":8081,"date":"2021-08-12T14:55:47","date_gmt":"2021-08-12T14:55:47","guid":{"rendered":"https:\/\/theartoftastingportugal.com\/uncategorized\/couve-flor-e-amendoa\/"},"modified":"2023-02-24T16:10:12","modified_gmt":"2023-02-24T16:10:12","slug":"cauliflower-and-almond","status":"publish","type":"post","link":"https:\/\/theartoftastingportugal.com\/en\/dishes\/cauliflower-and-almond\/","title":{"rendered":"Cauliflower and almond"},"content":{"rendered":"<!--themify_builder_content-->\n<div id=\"themify_builder_content-8081\" data-postid=\"8081\" class=\"themify_builder_content themify_builder_content-8081 themify_builder tf_clear\">\n    \t<!-- module_row -->\n\t<div  data-lazy=\"1\" class=\"module_row themify_builder_row tb_yu80772 tb_first tf_clearfix\">\n\t    \t\t<div class=\"row_inner col_align_top tf_box tf_w tf_rel\">\n\t\t\t<div  data-lazy=\"1\" class=\"module_column tb-column col4-2 first tb_wte1773 tf_box\">\n\t    \t    \t        <div class=\"tb-column-inner tf_box tf_w\">\n\t\t    <!-- Featured Image module -->\n<div  class=\"module module-image module-featured-image tb_mq3o774  \" data-lazy=\"1\">\n    <div class=\"image-wrap tf_rel\">\n       \t\t\t\t    <a  href=\"https:\/\/theartoftastingportugal.com\/en\/dishes\/cauliflower-and-almond\/\"> \n\t\t\t\t\t\n\t\t\t\t\t\t    <img loading=\"lazy\" width=\"2263\" height=\"2560\" src=\"https:\/\/theartoftastingportugal.com\/wp-content\/uploads\/2021\/08\/Couve-flor-e-amendoa-2-scaled.jpeg\" class=\"wp-post-image wp-image-8062\" title=\"Couve flor e amendoa\" alt=\"Cauliflower and almond\" srcset=\"https:\/\/theartoftastingportugal.com\/wp-content\/uploads\/2021\/08\/Couve-flor-e-amendoa-2-scaled.jpeg 2263w, https:\/\/theartoftastingportugal.com\/wp-content\/uploads\/2021\/08\/Couve-flor-e-amendoa-2-scaled-600x679.jpeg 600w, https:\/\/theartoftastingportugal.com\/wp-content\/uploads\/2021\/08\/Couve-flor-e-amendoa-2-265x300.jpeg 265w, https:\/\/theartoftastingportugal.com\/wp-content\/uploads\/2021\/08\/Couve-flor-e-amendoa-2-905x1024.jpeg 905w, https:\/\/theartoftastingportugal.com\/wp-content\/uploads\/2021\/08\/Couve-flor-e-amendoa-2-768x869.jpeg 768w, https:\/\/theartoftastingportugal.com\/wp-content\/uploads\/2021\/08\/Couve-flor-e-amendoa-2-1358x1536.jpeg 1358w, https:\/\/theartoftastingportugal.com\/wp-content\/uploads\/2021\/08\/Couve-flor-e-amendoa-2-1810x2048.jpeg 1810w\" sizes=\"(max-width: 2263px) 100vw, 2263px\" \/>\t\t\t\t\t\n\t\t\t\t    <\/a>\n\t\t\t\n\t            <\/div>\n    <!-- \/image-wrap -->\n            <\/div>\n<!-- \/Featured Image module -->\n\t        <\/div>\n\t    \t<\/div>\n\t\t<div  data-lazy=\"1\" class=\"module_column tb-column col4-2 last tb_zyh2775 tf_box\">\n\t    \t    \t        <div class=\"tb-column-inner tf_box tf_w\">\n\t\t    <!-- Post Title module -->\n<div  class=\"module module-post-title tb_0mou775 \" data-lazy=\"1\">\n   <h1 class=\"tbp_title\">\n        Cauliflower and almond    <\/h1><\/div>\n<!-- \/Post Title module -->\n<!-- module text -->\n<div  class=\"module module-text tb_jgll776   \" data-lazy=\"1\">\n        <div  class=\"tb_text_wrap\">\n    <p>Cauliflower and almond. The name does not leave much to the imagination, but the contrast of textures and flavors will take you on a journey. The almonds from the Upper Douro are key ingredients in this dish by chef Rui Paula.<\/p>    <\/div>\n<\/div>\n<!-- \/module text -->\t        <\/div>\n\t    \t<\/div>\n\t\t    <\/div>\n\t    <!-- \/row_inner -->\n\t<\/div>\n\t<!-- \/module_row -->\n\t\t<!-- module_row -->\n\t<div  data-lazy=\"1\" class=\"module_row themify_builder_row tb_5y2u772 tf_clearfix\" >\n\t    \t\t<div class=\"row_inner col_align_top tf_box tf_w tf_rel\">\n\t\t\t<div  data-lazy=\"1\" class=\"module_column tb-column col-full first tb_yqhf777 tf_box\">\n\t    \t    \t        <div class=\"tb-column-inner tf_box tf_w\">\n\t\t    <!-- module fancy heading -->\n<div  class=\"module module-fancy-heading tb_3flc777 \" data-lazy=\"1\">\n        <h3 class=\"fancy-heading tf_textc\">\n    <span  class=\"main-head tf_block\">\n\t\t\t\t\tRelated with this dish\t\t    <\/span>\n    <span class=\"sub-head tf_block tf_rel\">\n\t\t\t\t\t\t\t    <\/span>\n    <\/h3>\n<\/div>\n<!-- \/module fancy heading -->\n\t        <\/div>\n\t    \t<\/div>\n\t\t    <\/div>\n\t    <!-- \/row_inner -->\n\t<\/div>\n\t<!-- \/module_row -->\n\t\t<!-- module_row -->\n\t<div  data-lazy=\"1\" class=\"module_row themify_builder_row tb_e6dh772 tf_clearfix\" >\n\t    \t\t<div class=\"row_inner col_align_top tf_box tf_w tf_rel\">\n\t\t\t<div  data-lazy=\"1\" class=\"module_column tb-column col3-1 first tb_y7nt777 tf_box\">\n\t    \t    \t        <div class=\"tb-column-inner tf_box tf_w\">\n\t\t    <!-- module post -->\n<div  class=\"module module-post tb_xjmr778 posts-relacionados-titulo\">\n        <div  class=\"builder-posts-wrap loops-wrapper list-post classic tf_clear tf_clearfix\" data-lazy=\"1\">\n\t<article id=\"post-8078\" class=\"post tf_clearfix post-8078 type-post status-publish format-standard has-post-thumbnail hentry category-chefs-do-centro-en category-chefs-en category-rui-paula-en has-post-title no-post-date has-post-category has-post-tag has-post-comment has-post-author   cat-346  cat-311  cat-613\">\n\t    \n\t\t\t<a href=\"https:\/\/theartoftastingportugal.com\/en\/chefs-en\/rui-paula\/\" aria-label=\"Rui Paula\" data-post-permalink=\"yes\" style=\"display: none;\"><\/a>\n\t    \t\t\t<figure class=\"post-image tf_clearfix\">\n\t\t\t    \t\t\t\t\t\t\t\t<a href=\"https:\/\/theartoftastingportugal.com\/en\/chefs-en\/rui-paula\/\">\n\t\t\t\t\t\t\t\t<img loading=\"lazy\" width=\"1080\" height=\"1080\" src=\"https:\/\/theartoftastingportugal.com\/wp-content\/uploads\/2021\/08\/3Z7tTm1Q-1.jpeg\" class=\"wp-post-image wp-image-8051\" title=\"3Z7tTm1Q\" alt=\"3Z7tTm1Q\" srcset=\"https:\/\/theartoftastingportugal.com\/wp-content\/uploads\/2021\/08\/3Z7tTm1Q-1.jpeg 1080w, https:\/\/theartoftastingportugal.com\/wp-content\/uploads\/2021\/08\/3Z7tTm1Q-1-300x300.jpeg 300w, https:\/\/theartoftastingportugal.com\/wp-content\/uploads\/2021\/08\/3Z7tTm1Q-1-100x100.jpeg 100w, https:\/\/theartoftastingportugal.com\/wp-content\/uploads\/2021\/08\/3Z7tTm1Q-1-600x600.jpeg 600w, https:\/\/theartoftastingportugal.com\/wp-content\/uploads\/2021\/08\/3Z7tTm1Q-1-1024x1024.jpeg 1024w, https:\/\/theartoftastingportugal.com\/wp-content\/uploads\/2021\/08\/3Z7tTm1Q-1-150x150.jpeg 150w, https:\/\/theartoftastingportugal.com\/wp-content\/uploads\/2021\/08\/3Z7tTm1Q-1-768x768.jpeg 768w, https:\/\/theartoftastingportugal.com\/wp-content\/uploads\/2021\/08\/3Z7tTm1Q-1-1024x1024-360x360.jpeg 360w, https:\/\/theartoftastingportugal.com\/wp-content\/uploads\/2021\/08\/3Z7tTm1Q-1-1024x1024-450x450.jpeg 450w\" sizes=\"(max-width: 1080px) 100vw, 1080px\" \/>\t\t\t\t\t\t\t\t    \t\t\t\t<\/a>\n\t\t\t\t\t\t\t    \t\t\t<\/figure>\n\t\t\t\t<div class=\"post-content\">\n\t\t<div class=\"post-content-inner\">\n\n\t\t\t\n\t\t\t<h2 class=\"post-title entry-title\"><a href=\"https:\/\/theartoftastingportugal.com\/en\/chefs-en\/rui-paula\/\">Rui Paula<\/a><\/h2>\n\t\t\t\n\t\t\t\n\t\t\t\t<div class=\"entry-content\">\n\n        \n\t<\/div><!-- \/.entry-content -->\n\t\n\t\t<\/div>\n\t\t<!-- \/.post-content-inner -->\n\t<\/div>\n\t<!-- \/.post-content -->\n\t\n<\/article>\n<!-- \/.post -->\n    <\/div><!-- .builder-posts-wrap -->\n        <\/div>\n<!-- \/module post -->\n\t        <\/div>\n\t    \t<\/div>\n\t\t<div  data-lazy=\"1\" class=\"module_column tb-column col3-1 middle tb_kp7q778 tf_box\">\n\t    \t    \t        <div class=\"tb-column-inner tf_box tf_w\">\n\t\t    <!-- module post -->\n<div  class=\"module module-post tb_eajy779 posts-relacionados-titulo\">\n        <div  class=\"builder-posts-wrap loops-wrapper list-post classic tf_clear tf_clearfix\" data-lazy=\"1\">\n\t<article id=\"post-8067\" class=\"post tf_clearfix post-8067 type-post status-publish format-standard has-post-thumbnail hentry category-amendoas-produtos-do-centro-en category-center-region-products category-products category-produtos-rui-paula-en has-post-title no-post-date has-post-category has-post-tag has-post-comment has-post-author   cat-610  cat-533  cat-306  cat-611\">\n\t    \n\t\t\t<a href=\"https:\/\/theartoftastingportugal.com\/en\/products\/almonds\/\" aria-label=\"Almonds\" data-post-permalink=\"yes\" style=\"display: none;\"><\/a>\n\t    \t\t\t<figure class=\"post-image tf_clearfix\">\n\t\t\t    \t\t\t\t\t\t\t\t<a href=\"https:\/\/theartoftastingportugal.com\/en\/products\/almonds\/\">\n\t\t\t\t\t\t\t\t<img loading=\"lazy\" src=\"https:\/\/theartoftastingportugal.com\/wp-content\/uploads\/2021\/08\/IMG-em-flor-1024x1017-360x360.jpg\" width=\"360\" height=\"360\" class=\"wp-post-image wp-image-7988\" title=\"IMG-em flor\" alt=\"IMG-em flor\" srcset=\"https:\/\/theartoftastingportugal.com\/wp-content\/uploads\/2021\/08\/IMG-em-flor-1024x1017-360x360.jpg 360w, https:\/\/theartoftastingportugal.com\/wp-content\/uploads\/2021\/08\/IMG-em-flor-300x300.jpg 300w, https:\/\/theartoftastingportugal.com\/wp-content\/uploads\/2021\/08\/IMG-em-flor-100x100.jpg 100w, https:\/\/theartoftastingportugal.com\/wp-content\/uploads\/2021\/08\/IMG-em-flor-150x150.jpg 150w, https:\/\/theartoftastingportugal.com\/wp-content\/uploads\/2021\/08\/IMG-em-flor-1024x1017-450x450.jpg 450w\" sizes=\"(max-width: 360px) 100vw, 360px\" \/>\t\t\t\t\t\t\t\t    \t\t\t\t<\/a>\n\t\t\t\t\t\t\t    \t\t\t<\/figure>\n\t\t\t\t<div class=\"post-content\">\n\t\t<div class=\"post-content-inner\">\n\n\t\t\t\n\t\t\t<h2 class=\"post-title entry-title\"><a href=\"https:\/\/theartoftastingportugal.com\/en\/products\/almonds\/\">Almonds<\/a><\/h2>\n\t\t\t\n\t\t\t\n\t\t\t\t<div class=\"entry-content\">\n\n        \n\t<\/div><!-- \/.entry-content -->\n\t\n\t\t<\/div>\n\t\t<!-- \/.post-content-inner -->\n\t<\/div>\n\t<!-- \/.post-content -->\n\t\n<\/article>\n<!-- \/.post -->\n    <\/div><!-- .builder-posts-wrap -->\n        <\/div>\n<!-- \/module post -->\n\t        <\/div>\n\t    \t<\/div>\n\t\t<div  data-lazy=\"1\" class=\"module_column tb-column col3-1 last tb_j7q7779 tf_box\">\n\t    \t    \t        <div class=\"tb-column-inner tf_box tf_w\">\n\t\t    <!-- module post -->\n<div  class=\"module module-post tb_gset780 posts-relacionados-titulo\">\n        <div  class=\"builder-posts-wrap loops-wrapper list-post classic tf_clear tf_clearfix\" data-lazy=\"1\">\n\t<article id=\"post-5736\" class=\"post tf_clearfix post-5736 type-post status-publish format-standard has-post-thumbnail hentry category-center category-regions has-post-title no-post-date has-post-category has-post-tag has-post-comment has-post-author   cat-557  cat-553\">\n\t    \n\t\t\t<a href=\"https:\/\/theartoftastingportugal.com\/en\/regions\/center\/\" aria-label=\"Center\" data-post-permalink=\"yes\" style=\"display: none;\"><\/a>\n\t    \t\t\t<figure class=\"post-image tf_clearfix\">\n\t\t\t    \t\t\t\t\t\t\t\t<a href=\"https:\/\/theartoftastingportugal.com\/en\/regions\/center\/\">\n\t\t\t\t\t\t\t\t<img loading=\"lazy\" src=\"https:\/\/theartoftastingportugal.com\/wp-content\/uploads\/2020\/12\/regiao-centro-1024x380-360x360.jpg\" width=\"360\" height=\"360\" class=\"wp-post-image wp-image-15363\" title=\"regiao-centro\" alt=\"regiao-centro\" srcset=\"https:\/\/theartoftastingportugal.com\/wp-content\/uploads\/2020\/12\/regiao-centro-1024x380-360x360.jpg 360w, https:\/\/theartoftastingportugal.com\/wp-content\/uploads\/2020\/12\/regiao-centro-150x150.jpg 150w, https:\/\/theartoftastingportugal.com\/wp-content\/uploads\/2020\/12\/regiao-centro-300x300.jpg 300w, https:\/\/theartoftastingportugal.com\/wp-content\/uploads\/2020\/12\/regiao-centro-100x100.jpg 100w\" sizes=\"(max-width: 360px) 100vw, 360px\" \/>\t\t\t\t\t\t\t\t    \t\t\t\t<\/a>\n\t\t\t\t\t\t\t    \t\t\t<\/figure>\n\t\t\t\t<div class=\"post-content\">\n\t\t<div class=\"post-content-inner\">\n\n\t\t\t\n\t\t\t<h2 class=\"post-title entry-title\"><a href=\"https:\/\/theartoftastingportugal.com\/en\/regions\/center\/\">Center<\/a><\/h2>\n\t\t\t\n\t\t\t\n\t\t\t\t<div class=\"entry-content\">\n\n        \n\t<\/div><!-- \/.entry-content -->\n\t\n\t\t<\/div>\n\t\t<!-- \/.post-content-inner -->\n\t<\/div>\n\t<!-- \/.post-content -->\n\t\n<\/article>\n<!-- \/.post -->\n    <\/div><!-- .builder-posts-wrap -->\n        <\/div>\n<!-- \/module post -->\n\t        <\/div>\n\t    \t<\/div>\n\t\t    <\/div>\n\t    <!-- \/row_inner -->\n\t<\/div>\n\t<!-- \/module_row -->\n\t<\/div>\n<!--\/themify_builder_content-->","protected":false},"excerpt":{"rendered":"<p>Cauliflower and almond. The name does not leave much to the imagination, but the contrast of textures and flavors will take you on a journey. The almonds from the Upper Douro are key ingredients in this dish by chef Rui Paula.<\/p>\n","protected":false},"author":3,"featured_media":8062,"comment_status":"open","ping_status":"open","sticky":false,"template":"","format":"standard","meta":[],"categories":[416,356,614,615],"tags":[],"acf":[],"yoast_head":"<!-- This site is optimized with the Yoast SEO plugin v18.8 - https:\/\/yoast.com\/wordpress\/plugins\/seo\/ -->\n<title>Cauliflower and almond - The Art of Tasting Portugal<\/title>\n<meta name=\"description\" content=\"Couve flor e am\u00eandoa. O nome n\u00e3o deixa muito \u00e0 imagina\u00e7\u00e3o, mas o contraste das texturas e sabores v\u00e3o lev\u00e1-lo numa viagem. As am\u00eandoas do Douro Superior s\u00e3o protagonistas deste prato do chef Rui Paula.\u2800\u2800\u2800\u2800\" \/>\n<meta name=\"robots\" content=\"index, follow, max-snippet:-1, max-image-preview:large, max-video-preview:-1\" \/>\n<link rel=\"canonical\" href=\"https:\/\/theartoftastingportugal.com\/en\/dishes\/cauliflower-and-almond\/\" \/>\n<meta property=\"og:locale\" content=\"en_US\" \/>\n<meta property=\"og:type\" content=\"article\" \/>\n<meta property=\"og:title\" content=\"Cauliflower and almond - The Art of Tasting Portugal\" \/>\n<meta property=\"og:description\" content=\"Couve flor e am\u00eandoa. O nome n\u00e3o deixa muito \u00e0 imagina\u00e7\u00e3o, mas o contraste das texturas e sabores v\u00e3o lev\u00e1-lo numa viagem. As am\u00eandoas do Douro Superior s\u00e3o protagonistas deste prato do chef Rui Paula.\u2800\u2800\u2800\u2800\" \/>\n<meta property=\"og:url\" content=\"https:\/\/theartoftastingportugal.com\/en\/dishes\/cauliflower-and-almond\/\" \/>\n<meta property=\"og:site_name\" content=\"The Art of Tasting Portugal\" \/>\n<meta property=\"article:published_time\" content=\"2021-08-12T14:55:47+00:00\" \/>\n<meta property=\"article:modified_time\" content=\"2023-02-24T16:10:12+00:00\" \/>\n<meta property=\"og:image\" content=\"https:\/\/theartoftastingportugal.com\/wp-content\/uploads\/2021\/08\/Couve-flor-e-amendoa-2-scaled.jpeg\" \/>\n\t<meta property=\"og:image:width\" content=\"2263\" \/>\n\t<meta property=\"og:image:height\" content=\"2560\" \/>\n\t<meta property=\"og:image:type\" content=\"image\/jpeg\" \/>\n<meta name=\"twitter:card\" content=\"summary_large_image\" \/>\n<meta name=\"twitter:label1\" content=\"Written by\" \/>\n\t<meta name=\"twitter:data1\" content=\"artoftasting\" \/>\n<script type=\"application\/ld+json\" class=\"yoast-schema-graph\">{\"@context\":\"https:\/\/schema.org\",\"@graph\":[{\"@type\":\"WebSite\",\"@id\":\"https:\/\/theartoftastingportugal.com\/#website\",\"url\":\"https:\/\/theartoftastingportugal.com\/\",\"name\":\"The Art of Tasting Portugal\",\"description\":\"The Art of Tasting Portugal\",\"potentialAction\":[{\"@type\":\"SearchAction\",\"target\":{\"@type\":\"EntryPoint\",\"urlTemplate\":\"https:\/\/theartoftastingportugal.com\/?s={search_term_string}\"},\"query-input\":\"required name=search_term_string\"}],\"inLanguage\":\"en-US\"},{\"@type\":\"ImageObject\",\"inLanguage\":\"en-US\",\"@id\":\"https:\/\/theartoftastingportugal.com\/en\/dishes\/cauliflower-and-almond\/#primaryimage\",\"url\":\"https:\/\/theartoftastingportugal.com\/wp-content\/uploads\/2021\/08\/Couve-flor-e-amendoa-2-scaled.jpeg\",\"contentUrl\":\"https:\/\/theartoftastingportugal.com\/wp-content\/uploads\/2021\/08\/Couve-flor-e-amendoa-2-scaled.jpeg\",\"width\":2263,\"height\":2560},{\"@type\":\"WebPage\",\"@id\":\"https:\/\/theartoftastingportugal.com\/en\/dishes\/cauliflower-and-almond\/#webpage\",\"url\":\"https:\/\/theartoftastingportugal.com\/en\/dishes\/cauliflower-and-almond\/\",\"name\":\"Cauliflower and almond - The Art of Tasting Portugal\",\"isPartOf\":{\"@id\":\"https:\/\/theartoftastingportugal.com\/#website\"},\"primaryImageOfPage\":{\"@id\":\"https:\/\/theartoftastingportugal.com\/en\/dishes\/cauliflower-and-almond\/#primaryimage\"},\"datePublished\":\"2021-08-12T14:55:47+00:00\",\"dateModified\":\"2023-02-24T16:10:12+00:00\",\"author\":{\"@id\":\"https:\/\/theartoftastingportugal.com\/#\/schema\/person\/e2da9d950e34ebb9d9d795b6fb9700b4\"},\"description\":\"Couve flor e am\u00eandoa. O nome n\u00e3o deixa muito \u00e0 imagina\u00e7\u00e3o, mas o contraste das texturas e sabores v\u00e3o lev\u00e1-lo numa viagem. As am\u00eandoas do Douro Superior s\u00e3o protagonistas deste prato do chef Rui Paula.\u2800\u2800\u2800\u2800\",\"breadcrumb\":{\"@id\":\"https:\/\/theartoftastingportugal.com\/en\/dishes\/cauliflower-and-almond\/#breadcrumb\"},\"inLanguage\":\"en-US\",\"potentialAction\":[{\"@type\":\"ReadAction\",\"target\":[\"https:\/\/theartoftastingportugal.com\/en\/dishes\/cauliflower-and-almond\/\"]}]},{\"@type\":\"BreadcrumbList\",\"@id\":\"https:\/\/theartoftastingportugal.com\/en\/dishes\/cauliflower-and-almond\/#breadcrumb\",\"itemListElement\":[{\"@type\":\"ListItem\",\"position\":1,\"name\":\"In\u00edcio\",\"item\":\"https:\/\/theartoftastingportugal.com\/en\/\"},{\"@type\":\"ListItem\",\"position\":2,\"name\":\"Cauliflower and almond\"}]},{\"@type\":\"Person\",\"@id\":\"https:\/\/theartoftastingportugal.com\/#\/schema\/person\/e2da9d950e34ebb9d9d795b6fb9700b4\",\"name\":\"artoftasting\",\"image\":{\"@type\":\"ImageObject\",\"inLanguage\":\"en-US\",\"@id\":\"https:\/\/theartoftastingportugal.com\/#\/schema\/person\/image\/\",\"url\":\"https:\/\/secure.gravatar.com\/avatar\/e816922582ed670494edd7072a2f6b95?s=96&d=mm&r=g\",\"contentUrl\":\"https:\/\/secure.gravatar.com\/avatar\/e816922582ed670494edd7072a2f6b95?s=96&d=mm&r=g\",\"caption\":\"artoftasting\"},\"url\":\"https:\/\/theartoftastingportugal.com\/en\/author\/artoftasting\/\"}]}<\/script>\n<!-- \/ Yoast SEO plugin. -->","yoast_head_json":{"title":"Cauliflower and almond - The Art of Tasting Portugal","description":"Couve flor e am\u00eandoa. O nome n\u00e3o deixa muito \u00e0 imagina\u00e7\u00e3o, mas o contraste das texturas e sabores v\u00e3o lev\u00e1-lo numa viagem. As am\u00eandoas do Douro Superior s\u00e3o protagonistas deste prato do chef Rui Paula.\u2800\u2800\u2800\u2800","robots":{"index":"index","follow":"follow","max-snippet":"max-snippet:-1","max-image-preview":"max-image-preview:large","max-video-preview":"max-video-preview:-1"},"canonical":"https:\/\/theartoftastingportugal.com\/en\/dishes\/cauliflower-and-almond\/","og_locale":"en_US","og_type":"article","og_title":"Cauliflower and almond - The Art of Tasting Portugal","og_description":"Couve flor e am\u00eandoa. O nome n\u00e3o deixa muito \u00e0 imagina\u00e7\u00e3o, mas o contraste das texturas e sabores v\u00e3o lev\u00e1-lo numa viagem. As am\u00eandoas do Douro Superior s\u00e3o protagonistas deste prato do chef Rui Paula.\u2800\u2800\u2800\u2800","og_url":"https:\/\/theartoftastingportugal.com\/en\/dishes\/cauliflower-and-almond\/","og_site_name":"The Art of Tasting Portugal","article_published_time":"2021-08-12T14:55:47+00:00","article_modified_time":"2023-02-24T16:10:12+00:00","og_image":[{"width":2263,"height":2560,"url":"https:\/\/theartoftastingportugal.com\/wp-content\/uploads\/2021\/08\/Couve-flor-e-amendoa-2-scaled.jpeg","type":"image\/jpeg"}],"twitter_card":"summary_large_image","twitter_misc":{"Written by":"artoftasting"},"schema":{"@context":"https:\/\/schema.org","@graph":[{"@type":"WebSite","@id":"https:\/\/theartoftastingportugal.com\/#website","url":"https:\/\/theartoftastingportugal.com\/","name":"The Art of Tasting Portugal","description":"The Art of Tasting Portugal","potentialAction":[{"@type":"SearchAction","target":{"@type":"EntryPoint","urlTemplate":"https:\/\/theartoftastingportugal.com\/?s={search_term_string}"},"query-input":"required name=search_term_string"}],"inLanguage":"en-US"},{"@type":"ImageObject","inLanguage":"en-US","@id":"https:\/\/theartoftastingportugal.com\/en\/dishes\/cauliflower-and-almond\/#primaryimage","url":"https:\/\/theartoftastingportugal.com\/wp-content\/uploads\/2021\/08\/Couve-flor-e-amendoa-2-scaled.jpeg","contentUrl":"https:\/\/theartoftastingportugal.com\/wp-content\/uploads\/2021\/08\/Couve-flor-e-amendoa-2-scaled.jpeg","width":2263,"height":2560},{"@type":"WebPage","@id":"https:\/\/theartoftastingportugal.com\/en\/dishes\/cauliflower-and-almond\/#webpage","url":"https:\/\/theartoftastingportugal.com\/en\/dishes\/cauliflower-and-almond\/","name":"Cauliflower and almond - The Art of Tasting Portugal","isPartOf":{"@id":"https:\/\/theartoftastingportugal.com\/#website"},"primaryImageOfPage":{"@id":"https:\/\/theartoftastingportugal.com\/en\/dishes\/cauliflower-and-almond\/#primaryimage"},"datePublished":"2021-08-12T14:55:47+00:00","dateModified":"2023-02-24T16:10:12+00:00","author":{"@id":"https:\/\/theartoftastingportugal.com\/#\/schema\/person\/e2da9d950e34ebb9d9d795b6fb9700b4"},"description":"Couve flor e am\u00eandoa. O nome n\u00e3o deixa muito \u00e0 imagina\u00e7\u00e3o, mas o contraste das texturas e sabores v\u00e3o lev\u00e1-lo numa viagem. As am\u00eandoas do Douro Superior s\u00e3o protagonistas deste prato do chef Rui Paula.\u2800\u2800\u2800\u2800","breadcrumb":{"@id":"https:\/\/theartoftastingportugal.com\/en\/dishes\/cauliflower-and-almond\/#breadcrumb"},"inLanguage":"en-US","potentialAction":[{"@type":"ReadAction","target":["https:\/\/theartoftastingportugal.com\/en\/dishes\/cauliflower-and-almond\/"]}]},{"@type":"BreadcrumbList","@id":"https:\/\/theartoftastingportugal.com\/en\/dishes\/cauliflower-and-almond\/#breadcrumb","itemListElement":[{"@type":"ListItem","position":1,"name":"In\u00edcio","item":"https:\/\/theartoftastingportugal.com\/en\/"},{"@type":"ListItem","position":2,"name":"Cauliflower and almond"}]},{"@type":"Person","@id":"https:\/\/theartoftastingportugal.com\/#\/schema\/person\/e2da9d950e34ebb9d9d795b6fb9700b4","name":"artoftasting","image":{"@type":"ImageObject","inLanguage":"en-US","@id":"https:\/\/theartoftastingportugal.com\/#\/schema\/person\/image\/","url":"https:\/\/secure.gravatar.com\/avatar\/e816922582ed670494edd7072a2f6b95?s=96&d=mm&r=g","contentUrl":"https:\/\/secure.gravatar.com\/avatar\/e816922582ed670494edd7072a2f6b95?s=96&d=mm&r=g","caption":"artoftasting"},"url":"https:\/\/theartoftastingportugal.com\/en\/author\/artoftasting\/"}]}},"builder_content":"<a href=\"https:\/\/theartoftastingportugal.com\/en\/dishes\/cauliflower-and-almond\/\"> <img loading=\"lazy\" width=\"2263\" height=\"2560\" src=\"https:\/\/theartoftastingportugal.com\/wp-content\/uploads\/2021\/08\/Couve-flor-e-amendoa-2-scaled.jpeg\" title=\"Couve flor e amendoa\" alt=\"Cauliflower and almond\" srcset=\"https:\/\/theartoftastingportugal.com\/wp-content\/uploads\/2021\/08\/Couve-flor-e-amendoa-2-scaled.jpeg 2263w, https:\/\/theartoftastingportugal.com\/wp-content\/uploads\/2021\/08\/Couve-flor-e-amendoa-2-scaled-600x679.jpeg 600w, https:\/\/theartoftastingportugal.com\/wp-content\/uploads\/2021\/08\/Couve-flor-e-amendoa-2-265x300.jpeg 265w, https:\/\/theartoftastingportugal.com\/wp-content\/uploads\/2021\/08\/Couve-flor-e-amendoa-2-905x1024.jpeg 905w, https:\/\/theartoftastingportugal.com\/wp-content\/uploads\/2021\/08\/Couve-flor-e-amendoa-2-768x869.jpeg 768w, https:\/\/theartoftastingportugal.com\/wp-content\/uploads\/2021\/08\/Couve-flor-e-amendoa-2-1358x1536.jpeg 1358w, https:\/\/theartoftastingportugal.com\/wp-content\/uploads\/2021\/08\/Couve-flor-e-amendoa-2-1810x2048.jpeg 1810w\" sizes=\"(max-width: 2263px) 100vw, 2263px\" \/> <\/a>\n<h1> Cauliflower and almond <\/h1>\n<p>Cauliflower and almond. The name does not leave much to the imagination, but the contrast of textures and flavors will take you on a journey. The almonds from the Upper Douro are key ingredients in this dish by chef Rui Paula.<\/p>\n<h3>Related with this dish<br\/><\/h3>","post_mailing_queue_ids":[],"_links":{"self":[{"href":"https:\/\/theartoftastingportugal.com\/en\/wp-json\/wp\/v2\/posts\/8081"}],"collection":[{"href":"https:\/\/theartoftastingportugal.com\/en\/wp-json\/wp\/v2\/posts"}],"about":[{"href":"https:\/\/theartoftastingportugal.com\/en\/wp-json\/wp\/v2\/types\/post"}],"author":[{"embeddable":true,"href":"https:\/\/theartoftastingportugal.com\/en\/wp-json\/wp\/v2\/users\/3"}],"replies":[{"embeddable":true,"href":"https:\/\/theartoftastingportugal.com\/en\/wp-json\/wp\/v2\/comments?post=8081"}],"version-history":[{"count":5,"href":"https:\/\/theartoftastingportugal.com\/en\/wp-json\/wp\/v2\/posts\/8081\/revisions"}],"predecessor-version":[{"id":13773,"href":"https:\/\/theartoftastingportugal.com\/en\/wp-json\/wp\/v2\/posts\/8081\/revisions\/13773"}],"wp:featuredmedia":[{"embeddable":true,"href":"https:\/\/theartoftastingportugal.com\/en\/wp-json\/wp\/v2\/media\/8062"}],"wp:attachment":[{"href":"https:\/\/theartoftastingportugal.com\/en\/wp-json\/wp\/v2\/media?parent=8081"}],"wp:term":[{"taxonomy":"category","embeddable":true,"href":"https:\/\/theartoftastingportugal.com\/en\/wp-json\/wp\/v2\/categories?post=8081"},{"taxonomy":"post_tag","embeddable":true,"href":"https:\/\/theartoftastingportugal.com\/en\/wp-json\/wp\/v2\/tags?post=8081"}],"curies":[{"name":"wp","href":"https:\/\/api.w.org\/{rel}","templated":true}]}}