{"id":6485,"date":"2021-02-08T12:23:56","date_gmt":"2021-02-08T12:23:56","guid":{"rendered":"https:\/\/theartoftastingportugal.com\/uncategorized\/terrius\/"},"modified":"2023-02-27T15:24:33","modified_gmt":"2023-02-27T15:24:33","slug":"terrius","status":"publish","type":"post","link":"https:\/\/theartoftastingportugal.com\/en\/producers\/terrius\/","title":{"rendered":"Terrius"},"content":{"rendered":"<!--themify_builder_content-->\n<div id=\"themify_builder_content-6485\" data-postid=\"6485\" class=\"themify_builder_content themify_builder_content-6485 themify_builder tf_clear\">\n    \t<!-- module_row -->\n\t<div  data-lazy=\"1\" class=\"module_row themify_builder_row tb_bwkv314 tb_first tf_clearfix\">\n\t    \t\t<div class=\"row_inner col_align_top tf_box tf_w tf_rel\">\n\t\t\t<div  data-lazy=\"1\" class=\"module_column tb-column col-full first tb_p756315 tf_box\">\n\t    \t    \t        <div class=\"tb-column-inner tf_box tf_w\">\n\t\t    <!-- module text -->\n<div  class=\"module module-text tb_xcn9384   \" data-lazy=\"1\">\n        <div  class=\"tb_text_wrap\">\n    <p>In the heart of the Serra de S\u00e3o Mamede, in the Alto Alentejo, we find one of the largest biodiversity reserves in the Iberian Peninsula. <br \/><br \/>Following the assumptions of sustained production, it is here that several producers dedicate themselves to the land and its fruits. Terrius, a small family business, is one of them. It develops new products based on the quality and excellence of local raw materials. Dehydrated chestnuts, sweet chestnuts with fennel, smoked chestnut flour, and handmade chestnut biscuits are some of Terrius&#8217; star products.<\/p>    <\/div>\n<\/div>\n<!-- \/module text -->\t        <\/div>\n\t    \t<\/div>\n\t\t    <\/div>\n\t    <!-- \/row_inner -->\n\t<\/div>\n\t<!-- \/module_row -->\n\t\t<!-- module_row -->\n\t<div  data-lazy=\"1\" class=\"module_row themify_builder_row tb_f5zb314 tf_clearfix\">\n\t    \t\t<div class=\"row_inner col_align_top tf_box tf_w tf_rel\">\n\t\t\t<div  data-lazy=\"1\" class=\"module_column tb-column col-full first tb_aulf317 tf_box\">\n\t    \t    \t        <div class=\"tb-column-inner tf_box tf_w\">\n\t\t    <!-- module fancy heading -->\n<div  class=\"module module-fancy-heading tb_kul3317  tb_hide_divider\" data-lazy=\"1\">\n        <h3 class=\"fancy-heading tf_textc\">\n    <span  class=\"main-head tf_block\">\n\t\t\t\t\tRelated with this producer\t\t    <\/span>\n    <span class=\"sub-head tf_block tf_rel\">\n\t\t\t\t\t\t\t    <\/span>\n    <\/h3>\n<\/div>\n<!-- \/module fancy heading -->\n\t        <\/div>\n\t    \t<\/div>\n\t\t    <\/div>\n\t    <!-- \/row_inner -->\n\t<\/div>\n\t<!-- \/module_row -->\n\t\t<!-- module_row -->\n\t<div  data-lazy=\"1\" class=\"module_row themify_builder_row tb_whob314 tf_clearfix\">\n\t    \t\t<div class=\"row_inner col_align_top tf_box tf_w tf_rel\">\n\t\t\t<div  data-lazy=\"1\" class=\"module_column tb-column col4-1 first tb_i7q5317 tf_box\">\n\t    \t    \t        <div class=\"tb-column-inner tf_box tf_w\">\n\t\t    <!-- module post -->\n<div  class=\"module module-post tb_oo3x318 posts-relacionados-titulo\">\n        <div  class=\"builder-posts-wrap loops-wrapper list-post classic tf_clear tf_clearfix\" data-lazy=\"1\">\n\t<article id=\"post-6839\" class=\"post tf_clearfix post-6839 type-post status-publish format-standard has-post-thumbnail hentry category-chefs-do-alentejo-en category-chefs-en category-jose-julio-vintem-en has-post-title no-post-date has-post-category has-post-tag has-post-comment has-post-author   cat-344  cat-311  cat-326\">\n\t    \n\t\t\t<a href=\"https:\/\/theartoftastingportugal.com\/en\/chefs-en\/jose-julio-vintem\/\" aria-label=\"Jos\u00e9 J\u00falio Vint\u00e9m\" data-post-permalink=\"yes\" style=\"display: none;\"><\/a>\n\t    \t\t\t<figure class=\"post-image tf_clearfix\">\n\t\t\t    \t\t\t\t\t\t\t\t<a href=\"https:\/\/theartoftastingportugal.com\/en\/chefs-en\/jose-julio-vintem\/\">\n\t\t\t\t\t\t\t\t<img loading=\"lazy\" width=\"477\" height=\"477\" src=\"https:\/\/theartoftastingportugal.com\/wp-content\/uploads\/2021\/02\/jose-julio-vintem.jpg\" class=\"wp-post-image wp-image-3877\" title=\"jose-julio-vintem\" alt=\"jose-julio-vintem\" srcset=\"https:\/\/theartoftastingportugal.com\/wp-content\/uploads\/2021\/02\/jose-julio-vintem.jpg 477w, https:\/\/theartoftastingportugal.com\/wp-content\/uploads\/2021\/02\/jose-julio-vintem-300x300.jpg 300w, https:\/\/theartoftastingportugal.com\/wp-content\/uploads\/2021\/02\/jose-julio-vintem-100x100.jpg 100w, https:\/\/theartoftastingportugal.com\/wp-content\/uploads\/2021\/02\/jose-julio-vintem-150x150.jpg 150w, https:\/\/theartoftastingportugal.com\/wp-content\/uploads\/2021\/02\/jose-julio-vintem-360x360.jpg 360w, https:\/\/theartoftastingportugal.com\/wp-content\/uploads\/2021\/02\/jose-julio-vintem-450x450.jpg 450w, https:\/\/theartoftastingportugal.com\/wp-content\/uploads\/2021\/02\/jose-julio-vintem-47x48.jpg 47w\" sizes=\"(max-width: 477px) 100vw, 477px\" \/>\t\t\t\t\t\t\t\t    \t\t\t\t<\/a>\n\t\t\t\t\t\t\t    \t\t\t<\/figure>\n\t\t\t\t<div class=\"post-content\">\n\t\t<div class=\"post-content-inner\">\n\n\t\t\t\n\t\t\t<h2 class=\"post-title entry-title\"><a href=\"https:\/\/theartoftastingportugal.com\/en\/chefs-en\/jose-julio-vintem\/\">Jos\u00e9 J\u00falio Vint\u00e9m<\/a><\/h2>\n\t\t\t\n\t\t\t\n\t\t\t\t<div class=\"entry-content\">\n\n        \n\t<\/div><!-- \/.entry-content -->\n\t\n\t\t<\/div>\n\t\t<!-- \/.post-content-inner -->\n\t<\/div>\n\t<!-- \/.post-content -->\n\t\n<\/article>\n<!-- \/.post -->\n    <\/div><!-- .builder-posts-wrap -->\n        <\/div>\n<!-- \/module post -->\n\t        <\/div>\n\t    \t<\/div>\n\t\t<div  data-lazy=\"1\" class=\"module_column tb-column col4-1 second tb_alfv318 tf_box\">\n\t    \t    \t        <div class=\"tb-column-inner tf_box tf_w\">\n\t\t    <!-- module post -->\n<div  class=\"module module-post tb_9xui320 posts-relacionados-titulo\">\n        <div  class=\"builder-posts-wrap loops-wrapper list-post classic tf_clear tf_clearfix\" data-lazy=\"1\">\n\t<article id=\"post-6208\" class=\"post tf_clearfix post-6208 type-post status-publish format-standard has-post-thumbnail hentry category-pratos-do-alentejo-en category-dishes category-prato-castanha-en category-prato-chef-jose-julio-vintem-en has-post-title no-post-date has-post-category has-post-tag has-post-comment has-post-author   cat-401  cat-356  cat-403  cat-369\">\n\t    \n\t\t\t<a href=\"https:\/\/theartoftastingportugal.com\/en\/dishes\/kid-and-chestnut\/\" aria-label=\"Kid and chestnut\" data-post-permalink=\"yes\" style=\"display: none;\"><\/a>\n\t    \t\t\t<figure class=\"post-image tf_clearfix\">\n\t\t\t    \t\t\t\t\t\t\t\t<a href=\"https:\/\/theartoftastingportugal.com\/en\/dishes\/kid-and-chestnut\/\">\n\t\t\t\t\t\t\t\t<img loading=\"lazy\" src=\"https:\/\/theartoftastingportugal.com\/wp-content\/uploads\/2021\/02\/cabrito-e-castanha-1024x1024-360x360.jpg\" width=\"360\" height=\"360\" class=\"wp-post-image wp-image-6209\" title=\"cabrito-e-castanha\" alt=\"cabrito-e-castanha\" srcset=\"https:\/\/theartoftastingportugal.com\/wp-content\/uploads\/2021\/02\/cabrito-e-castanha-1024x1024-360x360.jpg 360w, https:\/\/theartoftastingportugal.com\/wp-content\/uploads\/2021\/02\/cabrito-e-castanha-300x300.jpg 300w, https:\/\/theartoftastingportugal.com\/wp-content\/uploads\/2021\/02\/cabrito-e-castanha-100x100.jpg 100w, https:\/\/theartoftastingportugal.com\/wp-content\/uploads\/2021\/02\/cabrito-e-castanha-600x600.jpg 600w, https:\/\/theartoftastingportugal.com\/wp-content\/uploads\/2021\/02\/cabrito-e-castanha-1024x1024.jpg 1024w, https:\/\/theartoftastingportugal.com\/wp-content\/uploads\/2021\/02\/cabrito-e-castanha-150x150.jpg 150w, https:\/\/theartoftastingportugal.com\/wp-content\/uploads\/2021\/02\/cabrito-e-castanha-768x768.jpg 768w, https:\/\/theartoftastingportugal.com\/wp-content\/uploads\/2021\/02\/cabrito-e-castanha-1024x1024-450x450.jpg 450w, https:\/\/theartoftastingportugal.com\/wp-content\/uploads\/2021\/02\/cabrito-e-castanha.jpg 1080w\" sizes=\"(max-width: 360px) 100vw, 360px\" \/>\t\t\t\t\t\t\t\t    \t\t\t\t<\/a>\n\t\t\t\t\t\t\t    \t\t\t<\/figure>\n\t\t\t\t<div class=\"post-content\">\n\t\t<div class=\"post-content-inner\">\n\n\t\t\t\n\t\t\t<h2 class=\"post-title entry-title\"><a href=\"https:\/\/theartoftastingportugal.com\/en\/dishes\/kid-and-chestnut\/\">Kid and chestnut<\/a><\/h2>\n\t\t\t\n\t\t\t\n\t\t\t\t<div class=\"entry-content\">\n\n        \n\t<\/div><!-- \/.entry-content -->\n\t\n\t\t<\/div>\n\t\t<!-- \/.post-content-inner -->\n\t<\/div>\n\t<!-- \/.post-content -->\n\t\n<\/article>\n<!-- \/.post -->\n    <\/div><!-- .builder-posts-wrap -->\n        <\/div>\n<!-- \/module post -->\n\t        <\/div>\n\t    \t<\/div>\n\t\t<div  data-lazy=\"1\" class=\"module_column tb-column col4-1 third tb_tf0l319 tf_box\">\n\t    \t    \t        <div class=\"tb-column-inner tf_box tf_w\">\n\t\t    <!-- module post -->\n<div  class=\"module module-post tb_ttx633 posts-relacionados-titulo\">\n        <div  class=\"builder-posts-wrap loops-wrapper list-post classic tf_clear tf_clearfix\" data-lazy=\"1\">\n\t<article id=\"post-5725\" class=\"post tf_clearfix post-5725 type-post status-publish format-standard has-post-thumbnail hentry category-alentejo-e-ribatejo-en category-regions has-post-title no-post-date has-post-category has-post-tag has-post-comment has-post-author   cat-554  cat-553\">\n\t    \n\t\t\t<a href=\"https:\/\/theartoftastingportugal.com\/en\/regions\/alentejo-and-ribatejo\/\" aria-label=\"Alentejo and Ribatejo\" data-post-permalink=\"yes\" style=\"display: none;\"><\/a>\n\t    \t\t\t<figure class=\"post-image tf_clearfix\">\n\t\t\t    \t\t\t\t\t\t\t\t<a href=\"https:\/\/theartoftastingportugal.com\/en\/regions\/alentejo-and-ribatejo\/\">\n\t\t\t\t\t\t\t\t<img loading=\"lazy\" src=\"https:\/\/theartoftastingportugal.com\/wp-content\/uploads\/2020\/12\/regiao-alentejo-1-1024x380-360x360.jpg\" width=\"360\" height=\"360\" class=\"wp-post-image wp-image-15619\" title=\"regiao-alentejo\" alt=\"regiao-alentejo\" srcset=\"https:\/\/theartoftastingportugal.com\/wp-content\/uploads\/2020\/12\/regiao-alentejo-1-1024x380-360x360.jpg 360w, https:\/\/theartoftastingportugal.com\/wp-content\/uploads\/2020\/12\/regiao-alentejo-1-150x150.jpg 150w, https:\/\/theartoftastingportugal.com\/wp-content\/uploads\/2020\/12\/regiao-alentejo-1-300x300.jpg 300w, https:\/\/theartoftastingportugal.com\/wp-content\/uploads\/2020\/12\/regiao-alentejo-1-100x100.jpg 100w\" sizes=\"(max-width: 360px) 100vw, 360px\" \/>\t\t\t\t\t\t\t\t    \t\t\t\t<\/a>\n\t\t\t\t\t\t\t    \t\t\t<\/figure>\n\t\t\t\t<div class=\"post-content\">\n\t\t<div class=\"post-content-inner\">\n\n\t\t\t\n\t\t\t<h2 class=\"post-title entry-title\"><a href=\"https:\/\/theartoftastingportugal.com\/en\/regions\/alentejo-and-ribatejo\/\">Alentejo and Ribatejo<\/a><\/h2>\n\t\t\t\n\t\t\t\n\t\t\t\t<div class=\"entry-content\">\n\n        \n\t<\/div><!-- \/.entry-content -->\n\t\n\t\t<\/div>\n\t\t<!-- \/.post-content-inner -->\n\t<\/div>\n\t<!-- \/.post-content -->\n\t\n<\/article>\n<!-- \/.post -->\n    <\/div><!-- .builder-posts-wrap -->\n        <\/div>\n<!-- \/module post -->\n\t        <\/div>\n\t    \t<\/div>\n\t\t<div  data-lazy=\"1\" class=\"module_column tb-column col4-1 last tb_u5db320 tf_box\">\n\t    \t    \t        <div class=\"tb-column-inner tf_box tf_w\">\n\t\t    <!-- module post -->\n<div  class=\"module module-post tb_kbx6320 posts-relacionados-titulo\">\n        <div  class=\"builder-posts-wrap loops-wrapper list-post classic tf_clear tf_clearfix\" data-lazy=\"1\">\n\t<article id=\"post-5880\" class=\"post tf_clearfix post-5880 type-post status-publish format-standard has-post-thumbnail hentry category-produtos-do-alentejo-en category-castanha-en category-products category-produtos-jose-julio-vintem-en has-post-title no-post-date has-post-category has-post-tag has-post-comment has-post-author   cat-518  cat-520  cat-306  cat-491\">\n\t    \n\t\t\t<a href=\"https:\/\/theartoftastingportugal.com\/en\/products\/chestnut\/\" aria-label=\"Chestnut\" data-post-permalink=\"yes\" style=\"display: none;\"><\/a>\n\t    \t\t\t<figure class=\"post-image tf_clearfix\">\n\t\t\t    \t\t\t\t\t\t\t\t<a href=\"https:\/\/theartoftastingportugal.com\/en\/products\/chestnut\/\">\n\t\t\t\t\t\t\t\t<img loading=\"lazy\" src=\"https:\/\/theartoftastingportugal.com\/wp-content\/uploads\/2021\/02\/castanha-1024x395-360x360.jpg\" width=\"360\" height=\"360\" class=\"wp-post-image wp-image-5881\" title=\"castanha\" alt=\"castanha\" srcset=\"https:\/\/theartoftastingportugal.com\/wp-content\/uploads\/2021\/02\/castanha-1024x395-360x360.jpg 360w, https:\/\/theartoftastingportugal.com\/wp-content\/uploads\/2021\/02\/castanha-300x300.jpg 300w, https:\/\/theartoftastingportugal.com\/wp-content\/uploads\/2021\/02\/castanha-100x100.jpg 100w, https:\/\/theartoftastingportugal.com\/wp-content\/uploads\/2021\/02\/castanha-150x150.jpg 150w, https:\/\/theartoftastingportugal.com\/wp-content\/uploads\/2021\/02\/castanha-1024x395-450x450.jpg 450w\" sizes=\"(max-width: 360px) 100vw, 360px\" \/>\t\t\t\t\t\t\t\t    \t\t\t\t<\/a>\n\t\t\t\t\t\t\t    \t\t\t<\/figure>\n\t\t\t\t<div class=\"post-content\">\n\t\t<div class=\"post-content-inner\">\n\n\t\t\t\n\t\t\t<h2 class=\"post-title entry-title\"><a href=\"https:\/\/theartoftastingportugal.com\/en\/products\/chestnut\/\">Chestnut<\/a><\/h2>\n\t\t\t\n\t\t\t\n\t\t\t\t<div class=\"entry-content\">\n\n        \n\t<\/div><!-- \/.entry-content -->\n\t\n\t\t<\/div>\n\t\t<!-- \/.post-content-inner -->\n\t<\/div>\n\t<!-- \/.post-content -->\n\t\n<\/article>\n<!-- \/.post -->\n    <\/div><!-- .builder-posts-wrap -->\n        <\/div>\n<!-- \/module post -->\n\t        <\/div>\n\t    \t<\/div>\n\t\t    <\/div>\n\t    <!-- \/row_inner -->\n\t<\/div>\n\t<!-- \/module_row -->\n\t<\/div>\n<!--\/themify_builder_content-->","protected":false},"excerpt":{"rendered":"<p> In the heart of the Serra de S\u00e3o Mamede, in the Alto Alentejo, we find one of the largest biodiversity reserves in the Iberian Peninsula. <\/p>\n<p>Following the assumptions of sustained production, it is here that several producers dedicate themselves to the land and its fruits. Terrius, a small family business, is one of them. It develops new products based on the quality and excellence of local raw materials. Dehydrated chestnuts, sweet chestnuts with fennel, smoked chestnut flour, and handmade chestnut biscuits are some of Terrius&#8217; star products.<\/p>\n","protected":false},"author":1,"featured_media":6486,"comment_status":"closed","ping_status":"closed","sticky":false,"template":"","format":"standard","meta":[],"categories":[448,435,453],"tags":[],"acf":[],"yoast_head":"<!-- This site is optimized with the Yoast SEO plugin v18.8 - https:\/\/yoast.com\/wordpress\/plugins\/seo\/ -->\n<title>Terrius - The Art of Tasting Portugal<\/title>\n<meta name=\"robots\" content=\"index, follow, max-snippet:-1, max-image-preview:large, max-video-preview:-1\" \/>\n<link rel=\"canonical\" href=\"https:\/\/theartoftastingportugal.com\/en\/producers\/terrius\/\" \/>\n<meta property=\"og:locale\" content=\"en_US\" \/>\n<meta property=\"og:type\" content=\"article\" \/>\n<meta property=\"og:title\" content=\"Terrius - The Art of Tasting Portugal\" \/>\n<meta property=\"og:description\" content=\"In the heart of the Serra de S\u00e3o Mamede, in the Alto Alentejo, we find one of the largest biodiversity reserves in the Iberian Peninsula.  Following the assumptions of sustained production, it is here that several producers dedicate themselves to the land and its fruits. Terrius, a small family business, is one of them. It develops new products based on the quality and excellence of local raw materials. Dehydrated chestnuts, sweet chestnuts with fennel, smoked chestnut flour, and handmade chestnut biscuits are some of Terrius&#039; star products.\" \/>\n<meta property=\"og:url\" content=\"https:\/\/theartoftastingportugal.com\/en\/producers\/terrius\/\" \/>\n<meta property=\"og:site_name\" content=\"The Art of Tasting Portugal\" \/>\n<meta property=\"article:published_time\" content=\"2021-02-08T12:23:56+00:00\" \/>\n<meta property=\"article:modified_time\" content=\"2023-02-27T15:24:33+00:00\" \/>\n<meta property=\"og:image\" content=\"https:\/\/theartoftastingportugal.com\/wp-content\/uploads\/2021\/02\/terrius.jpg\" \/>\n\t<meta property=\"og:image:width\" content=\"1919\" \/>\n\t<meta property=\"og:image:height\" content=\"740\" \/>\n\t<meta property=\"og:image:type\" content=\"image\/jpeg\" \/>\n<meta name=\"twitter:card\" content=\"summary_large_image\" \/>\n<meta name=\"twitter:label1\" content=\"Written by\" \/>\n\t<meta name=\"twitter:data1\" content=\"admin\" \/>\n<script type=\"application\/ld+json\" class=\"yoast-schema-graph\">{\"@context\":\"https:\/\/schema.org\",\"@graph\":[{\"@type\":\"WebSite\",\"@id\":\"https:\/\/theartoftastingportugal.com\/#website\",\"url\":\"https:\/\/theartoftastingportugal.com\/\",\"name\":\"The Art of Tasting Portugal\",\"description\":\"The Art of Tasting Portugal\",\"potentialAction\":[{\"@type\":\"SearchAction\",\"target\":{\"@type\":\"EntryPoint\",\"urlTemplate\":\"https:\/\/theartoftastingportugal.com\/?s={search_term_string}\"},\"query-input\":\"required name=search_term_string\"}],\"inLanguage\":\"en-US\"},{\"@type\":\"ImageObject\",\"inLanguage\":\"en-US\",\"@id\":\"https:\/\/theartoftastingportugal.com\/en\/producers\/terrius\/#primaryimage\",\"url\":\"https:\/\/theartoftastingportugal.com\/wp-content\/uploads\/2021\/02\/terrius.jpg\",\"contentUrl\":\"https:\/\/theartoftastingportugal.com\/wp-content\/uploads\/2021\/02\/terrius.jpg\",\"width\":1919,\"height\":740},{\"@type\":\"WebPage\",\"@id\":\"https:\/\/theartoftastingportugal.com\/en\/producers\/terrius\/#webpage\",\"url\":\"https:\/\/theartoftastingportugal.com\/en\/producers\/terrius\/\",\"name\":\"Terrius - The Art of Tasting Portugal\",\"isPartOf\":{\"@id\":\"https:\/\/theartoftastingportugal.com\/#website\"},\"primaryImageOfPage\":{\"@id\":\"https:\/\/theartoftastingportugal.com\/en\/producers\/terrius\/#primaryimage\"},\"datePublished\":\"2021-02-08T12:23:56+00:00\",\"dateModified\":\"2023-02-27T15:24:33+00:00\",\"author\":{\"@id\":\"https:\/\/theartoftastingportugal.com\/#\/schema\/person\/3e3489f1cbe46d3f0f686cab4785bbd9\"},\"breadcrumb\":{\"@id\":\"https:\/\/theartoftastingportugal.com\/en\/producers\/terrius\/#breadcrumb\"},\"inLanguage\":\"en-US\",\"potentialAction\":[{\"@type\":\"ReadAction\",\"target\":[\"https:\/\/theartoftastingportugal.com\/en\/producers\/terrius\/\"]}]},{\"@type\":\"BreadcrumbList\",\"@id\":\"https:\/\/theartoftastingportugal.com\/en\/producers\/terrius\/#breadcrumb\",\"itemListElement\":[{\"@type\":\"ListItem\",\"position\":1,\"name\":\"In\u00edcio\",\"item\":\"https:\/\/theartoftastingportugal.com\/en\/\"},{\"@type\":\"ListItem\",\"position\":2,\"name\":\"Terrius\"}]},{\"@type\":\"Person\",\"@id\":\"https:\/\/theartoftastingportugal.com\/#\/schema\/person\/3e3489f1cbe46d3f0f686cab4785bbd9\",\"name\":\"admin\",\"image\":{\"@type\":\"ImageObject\",\"inLanguage\":\"en-US\",\"@id\":\"https:\/\/theartoftastingportugal.com\/#\/schema\/person\/image\/\",\"url\":\"https:\/\/secure.gravatar.com\/avatar\/bfbe299702522836227e3bef0d1b2af2?s=96&d=mm&r=g\",\"contentUrl\":\"https:\/\/secure.gravatar.com\/avatar\/bfbe299702522836227e3bef0d1b2af2?s=96&d=mm&r=g\",\"caption\":\"admin\"},\"sameAs\":[\"https:\/\/theartoftastingportugal.brightlab.pt\"],\"url\":\"https:\/\/theartoftastingportugal.com\/en\/author\/admin\/\"}]}<\/script>\n<!-- \/ Yoast SEO plugin. -->","yoast_head_json":{"title":"Terrius - The Art of Tasting Portugal","robots":{"index":"index","follow":"follow","max-snippet":"max-snippet:-1","max-image-preview":"max-image-preview:large","max-video-preview":"max-video-preview:-1"},"canonical":"https:\/\/theartoftastingportugal.com\/en\/producers\/terrius\/","og_locale":"en_US","og_type":"article","og_title":"Terrius - The Art of Tasting Portugal","og_description":"In the heart of the Serra de S\u00e3o Mamede, in the Alto Alentejo, we find one of the largest biodiversity reserves in the Iberian Peninsula.  Following the assumptions of sustained production, it is here that several producers dedicate themselves to the land and its fruits. Terrius, a small family business, is one of them. It develops new products based on the quality and excellence of local raw materials. Dehydrated chestnuts, sweet chestnuts with fennel, smoked chestnut flour, and handmade chestnut biscuits are some of Terrius' star products.","og_url":"https:\/\/theartoftastingportugal.com\/en\/producers\/terrius\/","og_site_name":"The Art of Tasting Portugal","article_published_time":"2021-02-08T12:23:56+00:00","article_modified_time":"2023-02-27T15:24:33+00:00","og_image":[{"width":1919,"height":740,"url":"https:\/\/theartoftastingportugal.com\/wp-content\/uploads\/2021\/02\/terrius.jpg","type":"image\/jpeg"}],"twitter_card":"summary_large_image","twitter_misc":{"Written by":"admin"},"schema":{"@context":"https:\/\/schema.org","@graph":[{"@type":"WebSite","@id":"https:\/\/theartoftastingportugal.com\/#website","url":"https:\/\/theartoftastingportugal.com\/","name":"The Art of Tasting Portugal","description":"The Art of Tasting Portugal","potentialAction":[{"@type":"SearchAction","target":{"@type":"EntryPoint","urlTemplate":"https:\/\/theartoftastingportugal.com\/?s={search_term_string}"},"query-input":"required name=search_term_string"}],"inLanguage":"en-US"},{"@type":"ImageObject","inLanguage":"en-US","@id":"https:\/\/theartoftastingportugal.com\/en\/producers\/terrius\/#primaryimage","url":"https:\/\/theartoftastingportugal.com\/wp-content\/uploads\/2021\/02\/terrius.jpg","contentUrl":"https:\/\/theartoftastingportugal.com\/wp-content\/uploads\/2021\/02\/terrius.jpg","width":1919,"height":740},{"@type":"WebPage","@id":"https:\/\/theartoftastingportugal.com\/en\/producers\/terrius\/#webpage","url":"https:\/\/theartoftastingportugal.com\/en\/producers\/terrius\/","name":"Terrius - The Art of Tasting Portugal","isPartOf":{"@id":"https:\/\/theartoftastingportugal.com\/#website"},"primaryImageOfPage":{"@id":"https:\/\/theartoftastingportugal.com\/en\/producers\/terrius\/#primaryimage"},"datePublished":"2021-02-08T12:23:56+00:00","dateModified":"2023-02-27T15:24:33+00:00","author":{"@id":"https:\/\/theartoftastingportugal.com\/#\/schema\/person\/3e3489f1cbe46d3f0f686cab4785bbd9"},"breadcrumb":{"@id":"https:\/\/theartoftastingportugal.com\/en\/producers\/terrius\/#breadcrumb"},"inLanguage":"en-US","potentialAction":[{"@type":"ReadAction","target":["https:\/\/theartoftastingportugal.com\/en\/producers\/terrius\/"]}]},{"@type":"BreadcrumbList","@id":"https:\/\/theartoftastingportugal.com\/en\/producers\/terrius\/#breadcrumb","itemListElement":[{"@type":"ListItem","position":1,"name":"In\u00edcio","item":"https:\/\/theartoftastingportugal.com\/en\/"},{"@type":"ListItem","position":2,"name":"Terrius"}]},{"@type":"Person","@id":"https:\/\/theartoftastingportugal.com\/#\/schema\/person\/3e3489f1cbe46d3f0f686cab4785bbd9","name":"admin","image":{"@type":"ImageObject","inLanguage":"en-US","@id":"https:\/\/theartoftastingportugal.com\/#\/schema\/person\/image\/","url":"https:\/\/secure.gravatar.com\/avatar\/bfbe299702522836227e3bef0d1b2af2?s=96&d=mm&r=g","contentUrl":"https:\/\/secure.gravatar.com\/avatar\/bfbe299702522836227e3bef0d1b2af2?s=96&d=mm&r=g","caption":"admin"},"sameAs":["https:\/\/theartoftastingportugal.brightlab.pt"],"url":"https:\/\/theartoftastingportugal.com\/en\/author\/admin\/"}]}},"builder_content":"<p>In the heart of the Serra de S\u00e3o Mamede, in the Alto Alentejo, we find one of the largest biodiversity reserves in the Iberian Peninsula. <br \/><br \/>Following the assumptions of sustained production, it is here that several producers dedicate themselves to the land and its fruits. Terrius, a small family business, is one of them. It develops new products based on the quality and excellence of local raw materials. Dehydrated chestnuts, sweet chestnuts with fennel, smoked chestnut flour, and handmade chestnut biscuits are some of Terrius' star products.<\/p>\n<h3>Related with this producer<br\/><\/h3>","post_mailing_queue_ids":[],"_links":{"self":[{"href":"https:\/\/theartoftastingportugal.com\/en\/wp-json\/wp\/v2\/posts\/6485"}],"collection":[{"href":"https:\/\/theartoftastingportugal.com\/en\/wp-json\/wp\/v2\/posts"}],"about":[{"href":"https:\/\/theartoftastingportugal.com\/en\/wp-json\/wp\/v2\/types\/post"}],"author":[{"embeddable":true,"href":"https:\/\/theartoftastingportugal.com\/en\/wp-json\/wp\/v2\/users\/1"}],"replies":[{"embeddable":true,"href":"https:\/\/theartoftastingportugal.com\/en\/wp-json\/wp\/v2\/comments?post=6485"}],"version-history":[{"count":3,"href":"https:\/\/theartoftastingportugal.com\/en\/wp-json\/wp\/v2\/posts\/6485\/revisions"}],"predecessor-version":[{"id":14753,"href":"https:\/\/theartoftastingportugal.com\/en\/wp-json\/wp\/v2\/posts\/6485\/revisions\/14753"}],"wp:featuredmedia":[{"embeddable":true,"href":"https:\/\/theartoftastingportugal.com\/en\/wp-json\/wp\/v2\/media\/6486"}],"wp:attachment":[{"href":"https:\/\/theartoftastingportugal.com\/en\/wp-json\/wp\/v2\/media?parent=6485"}],"wp:term":[{"taxonomy":"category","embeddable":true,"href":"https:\/\/theartoftastingportugal.com\/en\/wp-json\/wp\/v2\/categories?post=6485"},{"taxonomy":"post_tag","embeddable":true,"href":"https:\/\/theartoftastingportugal.com\/en\/wp-json\/wp\/v2\/tags?post=6485"}],"curies":[{"name":"wp","href":"https:\/\/api.w.org\/{rel}","templated":true}]}}