{"id":6361,"date":"2021-02-23T17:28:32","date_gmt":"2021-02-23T17:28:32","guid":{"rendered":"https:\/\/theartoftastingportugal.com\/uncategorized\/vitor-sobral-a-trabalhar-atum\/"},"modified":"2023-02-24T13:05:07","modified_gmt":"2023-02-24T13:05:07","slug":"vitor-sobral-cooking-tuna","status":"publish","type":"post","link":"https:\/\/theartoftastingportugal.com\/en\/dishes\/vitor-sobral-cooking-tuna\/","title":{"rendered":"V\u00edtor Sobral cooking tuna"},"content":{"rendered":"<!--themify_builder_content-->\n<div id=\"themify_builder_content-6361\" data-postid=\"6361\" class=\"themify_builder_content themify_builder_content-6361 themify_builder tf_clear\">\n    \t<!-- module_row -->\n\t<div  data-lazy=\"1\" class=\"module_row themify_builder_row tb_tu68964 tb_first tf_clearfix\">\n\t    \t\t<div class=\"row_inner col_align_top tf_box tf_w tf_rel\">\n\t\t\t<div  data-lazy=\"1\" class=\"module_column tb-column col4-2 first tb_z0qs965 tf_box\">\n\t    \t    \t        <div class=\"tb-column-inner tf_box tf_w\">\n\t\t    <!-- module gallery -->\n<div  class=\"module gallery module-gallery tb_iyqk922 layout-slider  \" data-lazy=\"1\">\n                <div class=\"themify_builder_slider_vertical tf_rel\">\n    <div class=\"tf_swiper-container tf_carousel themify_builder_slider themify_builder_slider_vertical tf_rel tf_overflow\"\n\tdata-pager=\"0\"\n\t data-lazy=\"1\"\t\t\tdata-thumbs=\"tb_iyqk922_thumbs\"\n\t\tdata-effect=\"scroll\" \n\t\tdata-css_url=\"https:\/\/theartoftastingportugal.com\/wp-content\/themes\/themify-ultra\/themify\/themify-builder\/css\/modules\/sliders\/carousel.css,https:\/\/theartoftastingportugal.com\/wp-content\/themes\/themify-ultra\/themify\/themify-builder\/css\/modules\/sliders\/gallery.css\"\n\t\t\t\tdata-auto=\"3\"\n\t\tdata-pause_hover=\"1\"\n\t\t\t\t\tdata-controller=\"0\"\n\t\t\t\tdata-speed=\"1\"\n\tdata-wrapvar=\"1\"\n\tdata-slider_nav=\"1\"\n\tdata-height=\"variable\"\n\t>\n\t<div class=\"tf_swiper-wrapper tf_lazy tf_rel tf_w tf_h tf_textc\">\n\t\t\t\t\t<div class=\"tf_swiper-slide\">\n\t\t\t<div class=\"slide-inner-wrap\">\n\t\t\t\t<div class=\"tf_lazy slide-image gallery-icon\"><img loading=\"lazy\" width=\"1080\" height=\"1080\" src=\"https:\/\/theartoftastingportugal.com\/wp-content\/uploads\/2021\/02\/vitor-sobral-atum-1.jpg\" class=\"wp-post-image wp-image-4386\" title=\"vitor-sobral-atum-1\" data-tf-not-load=\"1\" alt=\"vitor-sobral-atum-1\" srcset=\"https:\/\/theartoftastingportugal.com\/wp-content\/uploads\/2021\/02\/vitor-sobral-atum-1.jpg 1080w, https:\/\/theartoftastingportugal.com\/wp-content\/uploads\/2021\/02\/vitor-sobral-atum-1-300x300.jpg 300w, https:\/\/theartoftastingportugal.com\/wp-content\/uploads\/2021\/02\/vitor-sobral-atum-1-100x100.jpg 100w, https:\/\/theartoftastingportugal.com\/wp-content\/uploads\/2021\/02\/vitor-sobral-atum-1-600x600.jpg 600w, https:\/\/theartoftastingportugal.com\/wp-content\/uploads\/2021\/02\/vitor-sobral-atum-1-1024x1024.jpg 1024w, https:\/\/theartoftastingportugal.com\/wp-content\/uploads\/2021\/02\/vitor-sobral-atum-1-150x150.jpg 150w, https:\/\/theartoftastingportugal.com\/wp-content\/uploads\/2021\/02\/vitor-sobral-atum-1-768x768.jpg 768w, https:\/\/theartoftastingportugal.com\/wp-content\/uploads\/2021\/02\/vitor-sobral-atum-1-1024x1024-360x360.jpg 360w, https:\/\/theartoftastingportugal.com\/wp-content\/uploads\/2021\/02\/vitor-sobral-atum-1-1024x1024-450x450.jpg 450w\" sizes=\"(max-width: 1080px) 100vw, 1080px\" \/>\t\t\t\t<\/div>\n\t\t\t\t\t\t\t<\/div><\/div>\n\t\t\t\t\t<div class=\"tf_swiper-slide\">\n\t\t\t<div class=\"slide-inner-wrap\">\n\t\t\t\t<div class=\"tf_lazy slide-image gallery-icon\"><img loading=\"lazy\" width=\"1080\" height=\"1080\" src=\"https:\/\/theartoftastingportugal.com\/wp-content\/uploads\/2021\/02\/vitor-sobral-atum-2.jpg\" class=\"wp-post-image wp-image-4387\" title=\"vitor-sobral-atum-2\" data-tf-not-load=\"1\" alt=\"vitor-sobral-atum-2\" srcset=\"https:\/\/theartoftastingportugal.com\/wp-content\/uploads\/2021\/02\/vitor-sobral-atum-2.jpg 1080w, https:\/\/theartoftastingportugal.com\/wp-content\/uploads\/2021\/02\/vitor-sobral-atum-2-300x300.jpg 300w, https:\/\/theartoftastingportugal.com\/wp-content\/uploads\/2021\/02\/vitor-sobral-atum-2-100x100.jpg 100w, https:\/\/theartoftastingportugal.com\/wp-content\/uploads\/2021\/02\/vitor-sobral-atum-2-600x600.jpg 600w, https:\/\/theartoftastingportugal.com\/wp-content\/uploads\/2021\/02\/vitor-sobral-atum-2-1024x1024.jpg 1024w, https:\/\/theartoftastingportugal.com\/wp-content\/uploads\/2021\/02\/vitor-sobral-atum-2-150x150.jpg 150w, https:\/\/theartoftastingportugal.com\/wp-content\/uploads\/2021\/02\/vitor-sobral-atum-2-768x768.jpg 768w\" sizes=\"(max-width: 1080px) 100vw, 1080px\" \/>\t\t\t\t<\/div>\n\t\t\t\t\t\t\t<\/div><\/div>\n\t\t\t\t\t<div class=\"tf_swiper-slide\">\n\t\t\t<div class=\"slide-inner-wrap\">\n\t\t\t\t<div class=\"tf_lazy slide-image gallery-icon\"><img loading=\"lazy\" width=\"1080\" height=\"1080\" src=\"https:\/\/theartoftastingportugal.com\/wp-content\/uploads\/2021\/02\/vitor-sobral-atum-3.jpg\" class=\"wp-post-image wp-image-4388\" title=\"vitor-sobral-atum-3\" data-tf-not-load=\"1\" alt=\"vitor-sobral-atum-3\" srcset=\"https:\/\/theartoftastingportugal.com\/wp-content\/uploads\/2021\/02\/vitor-sobral-atum-3.jpg 1080w, https:\/\/theartoftastingportugal.com\/wp-content\/uploads\/2021\/02\/vitor-sobral-atum-3-300x300.jpg 300w, https:\/\/theartoftastingportugal.com\/wp-content\/uploads\/2021\/02\/vitor-sobral-atum-3-100x100.jpg 100w, https:\/\/theartoftastingportugal.com\/wp-content\/uploads\/2021\/02\/vitor-sobral-atum-3-600x600.jpg 600w, https:\/\/theartoftastingportugal.com\/wp-content\/uploads\/2021\/02\/vitor-sobral-atum-3-1024x1024.jpg 1024w, https:\/\/theartoftastingportugal.com\/wp-content\/uploads\/2021\/02\/vitor-sobral-atum-3-150x150.jpg 150w, https:\/\/theartoftastingportugal.com\/wp-content\/uploads\/2021\/02\/vitor-sobral-atum-3-768x768.jpg 768w\" sizes=\"(max-width: 1080px) 100vw, 1080px\" \/>\t\t\t\t<\/div>\n\t\t\t\t\t\t\t<\/div><\/div>\n\t\t\t\t\t<div class=\"tf_swiper-slide\">\n\t\t\t<div class=\"slide-inner-wrap\">\n\t\t\t\t<div class=\"tf_lazy slide-image gallery-icon\"><img loading=\"lazy\" width=\"1080\" height=\"1080\" src=\"https:\/\/theartoftastingportugal.com\/wp-content\/uploads\/2021\/02\/vitor-sobral-atum-4.jpg\" class=\"wp-post-image wp-image-4389\" title=\"vitor-sobral-atum-4\" data-tf-not-load=\"1\" alt=\"vitor-sobral-atum-4\" srcset=\"https:\/\/theartoftastingportugal.com\/wp-content\/uploads\/2021\/02\/vitor-sobral-atum-4.jpg 1080w, https:\/\/theartoftastingportugal.com\/wp-content\/uploads\/2021\/02\/vitor-sobral-atum-4-300x300.jpg 300w, https:\/\/theartoftastingportugal.com\/wp-content\/uploads\/2021\/02\/vitor-sobral-atum-4-100x100.jpg 100w, https:\/\/theartoftastingportugal.com\/wp-content\/uploads\/2021\/02\/vitor-sobral-atum-4-600x600.jpg 600w, https:\/\/theartoftastingportugal.com\/wp-content\/uploads\/2021\/02\/vitor-sobral-atum-4-1024x1024.jpg 1024w, https:\/\/theartoftastingportugal.com\/wp-content\/uploads\/2021\/02\/vitor-sobral-atum-4-150x150.jpg 150w, https:\/\/theartoftastingportugal.com\/wp-content\/uploads\/2021\/02\/vitor-sobral-atum-4-768x768.jpg 768w\" sizes=\"(max-width: 1080px) 100vw, 1080px\" \/>\t\t\t\t<\/div>\n\t\t\t\t\t\t\t<\/div><\/div>\n\t\t\t\t\t<div class=\"tf_swiper-slide\">\n\t\t\t<div class=\"slide-inner-wrap\">\n\t\t\t\t<div class=\"tf_lazy slide-image gallery-icon\"><img loading=\"lazy\" width=\"1080\" height=\"1080\" src=\"https:\/\/theartoftastingportugal.com\/wp-content\/uploads\/2021\/02\/vitor-sobral-atum-5.jpg\" class=\"wp-post-image wp-image-4390\" title=\"vitor-sobral-atum-5\" data-tf-not-load=\"1\" alt=\"vitor-sobral-atum-5\" srcset=\"https:\/\/theartoftastingportugal.com\/wp-content\/uploads\/2021\/02\/vitor-sobral-atum-5.jpg 1080w, https:\/\/theartoftastingportugal.com\/wp-content\/uploads\/2021\/02\/vitor-sobral-atum-5-300x300.jpg 300w, https:\/\/theartoftastingportugal.com\/wp-content\/uploads\/2021\/02\/vitor-sobral-atum-5-100x100.jpg 100w, https:\/\/theartoftastingportugal.com\/wp-content\/uploads\/2021\/02\/vitor-sobral-atum-5-600x600.jpg 600w, https:\/\/theartoftastingportugal.com\/wp-content\/uploads\/2021\/02\/vitor-sobral-atum-5-1024x1024.jpg 1024w, https:\/\/theartoftastingportugal.com\/wp-content\/uploads\/2021\/02\/vitor-sobral-atum-5-150x150.jpg 150w, https:\/\/theartoftastingportugal.com\/wp-content\/uploads\/2021\/02\/vitor-sobral-atum-5-768x768.jpg 768w\" sizes=\"(max-width: 1080px) 100vw, 1080px\" \/>\t\t\t\t<\/div>\n\t\t\t\t\t\t\t<\/div><\/div>\n\t\t\t<\/div>\n<\/div>\n            <\/div>\n    <\/div>\n<!-- \/module gallery -->\t        <\/div>\n\t    \t<\/div>\n\t\t<div  data-lazy=\"1\" class=\"module_column tb-column col4-2 last tb_czxb966 tf_box\">\n\t    \t    \t        <div class=\"tb-column-inner tf_box tf_w\">\n\t\t    <!-- Post Title module -->\n<div  class=\"module module-post-title tb_gn6t966 \" data-lazy=\"1\">\n   <h1 class=\"tbp_title\">\n        V\u00edtor Sobral cooking tuna    <\/h1><\/div>\n<!-- \/Post Title module -->\n<!-- module text -->\n<div  class=\"module module-text tb_4o55967   \" data-lazy=\"1\">\n        <div  class=\"tb_text_wrap\">\n    <p>From the imposing Ponta dos Rosais to the mystical Faj\u00e3 de Santo Cristo, the Po\u00e7a de Sim\u00e3o Dias and the pictoresque village of Velas, we wandered around S\u00e3o Jorge in chef Vitor Sobral&#8217;s company. On his way around the island, the chef took some time to visit Santa Catarina Ind\u00fastria Conserveira SA to work his magic on a tuna. And then? And then we had the pleasure of watching the chef turn this and other wonders of the Azorean sea into dishes that we won&#8217;t forget. And if these dishes remain in our tastebuds&#8217; memory, the moment we shared at the table will also stay in our mind. It is not every day that moments like these are savoured in a place as unique as the cosy Quinta da Magn\u00f3lia, with the island of Pico lurking on the horizon. To toast to all of this, a Verdelho from the neighbouring island of Pico. Here&#8217;s to you, S\u00e3o Jorge!<\/p>    <\/div>\n<\/div>\n<!-- \/module text -->\t        <\/div>\n\t    \t<\/div>\n\t\t    <\/div>\n\t    <!-- \/row_inner -->\n\t<\/div>\n\t<!-- \/module_row -->\n\t\t<!-- module_row -->\n\t<div  data-lazy=\"1\" class=\"module_row themify_builder_row tb_j1zq375 tf_clearfix\" >\n\t    \t\t<div class=\"row_inner col_align_top tf_box tf_w tf_rel\">\n\t\t\t<div  data-lazy=\"1\" class=\"module_column tb-column col-full first tb_lmen375 tf_box\">\n\t    \t    \t        <div class=\"tb-column-inner tf_box tf_w\">\n\t\t    <!-- module fancy heading -->\n<div  class=\"module module-fancy-heading tb_rgce375 \" data-lazy=\"1\">\n        <h3 class=\"fancy-heading tf_textc\">\n    <span  class=\"main-head tf_block\">\n\t\t\t\t\tRelated with this dish\t\t    <\/span>\n    <span class=\"sub-head tf_block tf_rel\">\n\t\t\t\t\t\t\t    <\/span>\n    <\/h3>\n<\/div>\n<!-- \/module fancy heading -->\n\t        <\/div>\n\t    \t<\/div>\n\t\t    <\/div>\n\t    <!-- \/row_inner -->\n\t<\/div>\n\t<!-- \/module_row -->\n\t\t<!-- module_row -->\n\t<div  data-lazy=\"1\" class=\"module_row themify_builder_row tb_t0x7432 tf_clearfix\" >\n\t    \t\t<div class=\"row_inner col_align_top tf_box tf_w tf_rel\">\n\t\t\t<div  data-lazy=\"1\" class=\"module_column tb-column col3-1 first tb_ztzo432 tf_box\">\n\t    \t    \t        <div class=\"tb-column-inner tf_box tf_w\">\n\t\t    <!-- module post -->\n<div  class=\"module module-post tb_lmpa432 posts-relacionados-titulo\">\n        <div  class=\"builder-posts-wrap loops-wrapper list-post classic tf_clear tf_clearfix\" data-lazy=\"1\">\n\t<article id=\"post-5678\" class=\"post tf_clearfix post-5678 type-post status-publish format-standard has-post-thumbnail hentry category-chefs-dos-acores-en category-chefs-do-centro-en category-chefs-en category-chefs-de-lisboa-en category-vitor-sobral-en has-post-title no-post-date has-post-category has-post-tag has-post-comment has-post-author   cat-349  cat-346  cat-311  cat-342  cat-338\">\n\t    \n\t\t\t<a href=\"https:\/\/theartoftastingportugal.com\/en\/chefs-en\/vitor-sobral\/\" aria-label=\"Vitor Sobral\" data-post-permalink=\"yes\" style=\"display: none;\"><\/a>\n\t    \t\t\t<figure class=\"post-image tf_clearfix\">\n\t\t\t    \t\t\t\t\t\t\t\t<a href=\"https:\/\/theartoftastingportugal.com\/en\/chefs-en\/vitor-sobral\/\">\n\t\t\t\t\t\t\t\t<img loading=\"lazy\" src=\"https:\/\/theartoftastingportugal.com\/wp-content\/uploads\/2020\/11\/vitor-sobral-2-500x500.jpg\" width=\"500\" height=\"500\" class=\"wp-post-image wp-image-13288\" title=\"vitor-sobral\" alt=\"vitor-sobral\" srcset=\"https:\/\/theartoftastingportugal.com\/wp-content\/uploads\/2020\/11\/vitor-sobral-2-500x500.jpg 500w, https:\/\/theartoftastingportugal.com\/wp-content\/uploads\/2020\/11\/vitor-sobral-2-150x150.jpg 150w, https:\/\/theartoftastingportugal.com\/wp-content\/uploads\/2020\/11\/vitor-sobral-2-300x300.jpg 300w, https:\/\/theartoftastingportugal.com\/wp-content\/uploads\/2020\/11\/vitor-sobral-2-100x100.jpg 100w, https:\/\/theartoftastingportugal.com\/wp-content\/uploads\/2020\/11\/vitor-sobral-2-360x360.jpg 360w, https:\/\/theartoftastingportugal.com\/wp-content\/uploads\/2020\/11\/vitor-sobral-2-450x450.jpg 450w\" sizes=\"(max-width: 500px) 100vw, 500px\" \/>\t\t\t\t\t\t\t\t    \t\t\t\t<\/a>\n\t\t\t\t\t\t\t    \t\t\t<\/figure>\n\t\t\t\t<div class=\"post-content\">\n\t\t<div class=\"post-content-inner\">\n\n\t\t\t\n\t\t\t<h2 class=\"post-title entry-title\"><a href=\"https:\/\/theartoftastingportugal.com\/en\/chefs-en\/vitor-sobral\/\">Vitor Sobral<\/a><\/h2>\n\t\t\t\n\t\t\t\n\t\t\t\t<div class=\"entry-content\">\n\n        \n\t<\/div><!-- \/.entry-content -->\n\t\n\t\t<\/div>\n\t\t<!-- \/.post-content-inner -->\n\t<\/div>\n\t<!-- \/.post-content -->\n\t\n<\/article>\n<!-- \/.post -->\n    <\/div><!-- .builder-posts-wrap -->\n        <\/div>\n<!-- \/module post -->\n\t        <\/div>\n\t    \t<\/div>\n\t\t<div  data-lazy=\"1\" class=\"module_column tb-column col3-1 middle tb_ip6q432 tf_box\">\n\t    \t    \t        <div class=\"tb-column-inner tf_box tf_w\">\n\t\t    <!-- module post -->\n<div  class=\"module module-post tb_925o433 posts-relacionados-titulo\">\n        <div  class=\"builder-posts-wrap loops-wrapper list-post classic tf_clear tf_clearfix\" data-lazy=\"1\">\n\t<article id=\"post-5670\" class=\"post tf_clearfix post-5670 type-post status-publish format-standard has-post-thumbnail hentry category-atum-en category-produtos-dos-acores-en category-products category-produto-vitor-sobral-en has-post-title no-post-date has-post-category has-post-tag has-post-comment has-post-author   cat-307  cat-308  cat-306  cat-309\">\n\t    \n\t\t\t<a href=\"https:\/\/theartoftastingportugal.com\/en\/products\/tuna\/\" aria-label=\"Tuna\" data-post-permalink=\"yes\" style=\"display: none;\"><\/a>\n\t    \t\t\t<figure class=\"post-image tf_clearfix\">\n\t\t\t    \t\t\t\t\t\t\t\t<a href=\"https:\/\/theartoftastingportugal.com\/en\/products\/tuna\/\">\n\t\t\t\t\t\t\t\t<img loading=\"lazy\" src=\"https:\/\/theartoftastingportugal.com\/wp-content\/uploads\/2020\/12\/atum-1024x395-360x360.jpg\" width=\"360\" height=\"360\" class=\"wp-post-image wp-image-5671\" title=\"atum\" alt=\"atum\" srcset=\"https:\/\/theartoftastingportugal.com\/wp-content\/uploads\/2020\/12\/atum-1024x395-360x360.jpg 360w, https:\/\/theartoftastingportugal.com\/wp-content\/uploads\/2020\/12\/atum-300x300.jpg 300w, https:\/\/theartoftastingportugal.com\/wp-content\/uploads\/2020\/12\/atum-100x100.jpg 100w, https:\/\/theartoftastingportugal.com\/wp-content\/uploads\/2020\/12\/atum-150x150.jpg 150w, https:\/\/theartoftastingportugal.com\/wp-content\/uploads\/2020\/12\/atum-1024x395-350x350.jpg 350w, https:\/\/theartoftastingportugal.com\/wp-content\/uploads\/2020\/12\/atum-1024x395-450x450.jpg 450w\" sizes=\"(max-width: 360px) 100vw, 360px\" \/>\t\t\t\t\t\t\t\t    \t\t\t\t<\/a>\n\t\t\t\t\t\t\t    \t\t\t<\/figure>\n\t\t\t\t<div class=\"post-content\">\n\t\t<div class=\"post-content-inner\">\n\n\t\t\t\n\t\t\t<h2 class=\"post-title entry-title\"><a href=\"https:\/\/theartoftastingportugal.com\/en\/products\/tuna\/\">Tuna<\/a><\/h2>\n\t\t\t\n\t\t\t\n\t\t\t\t<div class=\"entry-content\">\n\n        \n\t<\/div><!-- \/.entry-content -->\n\t\n\t\t<\/div>\n\t\t<!-- \/.post-content-inner -->\n\t<\/div>\n\t<!-- \/.post-content -->\n\t\n<\/article>\n<!-- \/.post -->\n    <\/div><!-- .builder-posts-wrap -->\n        <\/div>\n<!-- \/module post -->\n\t        <\/div>\n\t    \t<\/div>\n\t\t<div  data-lazy=\"1\" class=\"module_column tb-column col3-1 last tb_xmqe433 tf_box\">\n\t    \t    \t        <div class=\"tb-column-inner tf_box tf_w\">\n\t\t    <!-- module post -->\n<div  class=\"module module-post tb_vvsm865 posts-relacionados-titulo\">\n        <div  class=\"builder-posts-wrap loops-wrapper list-post classic tf_clear tf_clearfix\" data-lazy=\"1\">\n\t<article id=\"post-5740\" class=\"post tf_clearfix post-5740 type-post status-publish format-standard has-post-thumbnail hentry category-azores category-regions has-post-title no-post-date has-post-category has-post-tag has-post-comment has-post-author   cat-556  cat-553\">\n\t    \n\t\t\t<a href=\"https:\/\/theartoftastingportugal.com\/en\/regions\/azores\/\" aria-label=\"Azores\" data-post-permalink=\"yes\" style=\"display: none;\"><\/a>\n\t    \t\t\t<figure class=\"post-image tf_clearfix\">\n\t\t\t    \t\t\t\t\t\t\t\t<a href=\"https:\/\/theartoftastingportugal.com\/en\/regions\/azores\/\">\n\t\t\t\t\t\t\t\t<img loading=\"lazy\" src=\"https:\/\/theartoftastingportugal.com\/wp-content\/uploads\/2020\/12\/regiao-acores-1-1024x380-360x360.jpg\" width=\"360\" height=\"360\" class=\"wp-post-image wp-image-15615\" title=\"regiao-acores\" alt=\"regiao-acores\" srcset=\"https:\/\/theartoftastingportugal.com\/wp-content\/uploads\/2020\/12\/regiao-acores-1-1024x380-360x360.jpg 360w, https:\/\/theartoftastingportugal.com\/wp-content\/uploads\/2020\/12\/regiao-acores-1-150x150.jpg 150w, https:\/\/theartoftastingportugal.com\/wp-content\/uploads\/2020\/12\/regiao-acores-1-300x300.jpg 300w, https:\/\/theartoftastingportugal.com\/wp-content\/uploads\/2020\/12\/regiao-acores-1-100x100.jpg 100w\" sizes=\"(max-width: 360px) 100vw, 360px\" \/>\t\t\t\t\t\t\t\t    \t\t\t\t<\/a>\n\t\t\t\t\t\t\t    \t\t\t<\/figure>\n\t\t\t\t<div class=\"post-content\">\n\t\t<div class=\"post-content-inner\">\n\n\t\t\t\n\t\t\t<h2 class=\"post-title entry-title\"><a href=\"https:\/\/theartoftastingportugal.com\/en\/regions\/azores\/\">Azores<\/a><\/h2>\n\t\t\t\n\t\t\t\n\t\t\t\t<div class=\"entry-content\">\n\n        \n\t<\/div><!-- \/.entry-content -->\n\t\n\t\t<\/div>\n\t\t<!-- \/.post-content-inner -->\n\t<\/div>\n\t<!-- \/.post-content -->\n\t\n<\/article>\n<!-- \/.post -->\n    <\/div><!-- .builder-posts-wrap -->\n        <\/div>\n<!-- \/module post -->\n\t        <\/div>\n\t    \t<\/div>\n\t\t    <\/div>\n\t    <!-- \/row_inner -->\n\t<\/div>\n\t<!-- \/module_row -->\n\t<\/div>\n<!--\/themify_builder_content-->","protected":false},"excerpt":{"rendered":"<p>From the imposing Ponta dos Rosais to the mystical Faj\u00e3 de Santo Cristo, the Po\u00e7a de Sim\u00e3o Dias and the pictoresque village of Velas, we wandered around S\u00e3o Jorge in chef Vitor Sobral&#8217;s company. On his way around the island, the chef took some time to visit Santa Catarina Ind\u00fastria Conserveira SA to work his magic on a tuna. And then? And then we had the pleasure of watching the chef turn this and other wonders of the Azorean sea into dishes that we won&#8217;t forget. And if these dishes remain in our tastebuds&#8217; memory, the moment we shared at the table will also stay in our mind. It is not every day that moments like these are savoured in a place as unique as the cosy Quinta da Magn\u00f3lia, with the island of Pico lurking on the horizon. To toast to all of this, a Verdelho from the neighbouring island of Pico. Here&#8217;s to you, S\u00e3o Jorge!<\/p>\n","protected":false},"author":1,"featured_media":6362,"comment_status":"open","ping_status":"open","sticky":false,"template":"","format":"standard","meta":[],"categories":[431,356,432,387],"tags":[],"acf":[],"yoast_head":"<!-- This site is optimized with the Yoast SEO plugin v18.8 - https:\/\/yoast.com\/wordpress\/plugins\/seo\/ -->\n<title>V\u00edtor Sobral cooking tuna - The Art of Tasting Portugal<\/title>\n<meta name=\"robots\" content=\"index, follow, max-snippet:-1, max-image-preview:large, max-video-preview:-1\" \/>\n<link rel=\"canonical\" href=\"https:\/\/theartoftastingportugal.com\/en\/dishes\/vitor-sobral-cooking-tuna\/\" \/>\n<meta property=\"og:locale\" content=\"en_US\" \/>\n<meta property=\"og:type\" content=\"article\" \/>\n<meta property=\"og:title\" content=\"V\u00edtor Sobral cooking tuna - The Art of Tasting Portugal\" \/>\n<meta property=\"og:description\" content=\"From the imposing Ponta dos Rosais to the mystical Faj\u00e3 de Santo Cristo, the Po\u00e7a de Sim\u00e3o Dias and the pictoresque village of Velas, we wandered around S\u00e3o Jorge in chef Vitor Sobral&#039;s company. On his way around the island, the chef took some time to visit Santa Catarina Ind\u00fastria Conserveira SA to work his magic on a tuna. And then? And then we had the pleasure of watching the chef turn this and other wonders of the Azorean sea into dishes that we won&#039;t forget. And if these dishes remain in our tastebuds&#039; memory, the moment we shared at the table will also stay in our mind. It is not every day that moments like these are savoured in a place as unique as the cosy Quinta da Magn\u00f3lia, with the island of Pico lurking on the horizon. To toast to all of this, a Verdelho from the neighbouring island of Pico. Here&#039;s to you, S\u00e3o Jorge!\" \/>\n<meta property=\"og:url\" content=\"https:\/\/theartoftastingportugal.com\/en\/dishes\/vitor-sobral-cooking-tuna\/\" \/>\n<meta property=\"og:site_name\" content=\"The Art of Tasting Portugal\" \/>\n<meta property=\"article:published_time\" content=\"2021-02-23T17:28:32+00:00\" \/>\n<meta property=\"article:modified_time\" content=\"2023-02-24T13:05:07+00:00\" \/>\n<meta property=\"og:image\" content=\"https:\/\/theartoftastingportugal.com\/wp-content\/uploads\/2021\/02\/vitor-sobral-atum-1.jpg\" \/>\n\t<meta property=\"og:image:width\" content=\"1080\" \/>\n\t<meta property=\"og:image:height\" content=\"1080\" \/>\n\t<meta property=\"og:image:type\" content=\"image\/jpeg\" \/>\n<meta name=\"twitter:card\" content=\"summary_large_image\" \/>\n<meta name=\"twitter:label1\" content=\"Written by\" \/>\n\t<meta name=\"twitter:data1\" content=\"admin\" \/>\n<script type=\"application\/ld+json\" class=\"yoast-schema-graph\">{\"@context\":\"https:\/\/schema.org\",\"@graph\":[{\"@type\":\"WebSite\",\"@id\":\"https:\/\/theartoftastingportugal.com\/#website\",\"url\":\"https:\/\/theartoftastingportugal.com\/\",\"name\":\"The Art of Tasting Portugal\",\"description\":\"The Art of Tasting Portugal\",\"potentialAction\":[{\"@type\":\"SearchAction\",\"target\":{\"@type\":\"EntryPoint\",\"urlTemplate\":\"https:\/\/theartoftastingportugal.com\/?s={search_term_string}\"},\"query-input\":\"required name=search_term_string\"}],\"inLanguage\":\"en-US\"},{\"@type\":\"ImageObject\",\"inLanguage\":\"en-US\",\"@id\":\"https:\/\/theartoftastingportugal.com\/en\/dishes\/vitor-sobral-cooking-tuna\/#primaryimage\",\"url\":\"https:\/\/theartoftastingportugal.com\/wp-content\/uploads\/2021\/02\/vitor-sobral-atum-1.jpg\",\"contentUrl\":\"https:\/\/theartoftastingportugal.com\/wp-content\/uploads\/2021\/02\/vitor-sobral-atum-1.jpg\",\"width\":1080,\"height\":1080},{\"@type\":\"WebPage\",\"@id\":\"https:\/\/theartoftastingportugal.com\/en\/dishes\/vitor-sobral-cooking-tuna\/#webpage\",\"url\":\"https:\/\/theartoftastingportugal.com\/en\/dishes\/vitor-sobral-cooking-tuna\/\",\"name\":\"V\u00edtor Sobral cooking tuna - The Art of Tasting Portugal\",\"isPartOf\":{\"@id\":\"https:\/\/theartoftastingportugal.com\/#website\"},\"primaryImageOfPage\":{\"@id\":\"https:\/\/theartoftastingportugal.com\/en\/dishes\/vitor-sobral-cooking-tuna\/#primaryimage\"},\"datePublished\":\"2021-02-23T17:28:32+00:00\",\"dateModified\":\"2023-02-24T13:05:07+00:00\",\"author\":{\"@id\":\"https:\/\/theartoftastingportugal.com\/#\/schema\/person\/3e3489f1cbe46d3f0f686cab4785bbd9\"},\"breadcrumb\":{\"@id\":\"https:\/\/theartoftastingportugal.com\/en\/dishes\/vitor-sobral-cooking-tuna\/#breadcrumb\"},\"inLanguage\":\"en-US\",\"potentialAction\":[{\"@type\":\"ReadAction\",\"target\":[\"https:\/\/theartoftastingportugal.com\/en\/dishes\/vitor-sobral-cooking-tuna\/\"]}]},{\"@type\":\"BreadcrumbList\",\"@id\":\"https:\/\/theartoftastingportugal.com\/en\/dishes\/vitor-sobral-cooking-tuna\/#breadcrumb\",\"itemListElement\":[{\"@type\":\"ListItem\",\"position\":1,\"name\":\"In\u00edcio\",\"item\":\"https:\/\/theartoftastingportugal.com\/en\/\"},{\"@type\":\"ListItem\",\"position\":2,\"name\":\"V\u00edtor Sobral cooking tuna\"}]},{\"@type\":\"Person\",\"@id\":\"https:\/\/theartoftastingportugal.com\/#\/schema\/person\/3e3489f1cbe46d3f0f686cab4785bbd9\",\"name\":\"admin\",\"image\":{\"@type\":\"ImageObject\",\"inLanguage\":\"en-US\",\"@id\":\"https:\/\/theartoftastingportugal.com\/#\/schema\/person\/image\/\",\"url\":\"https:\/\/secure.gravatar.com\/avatar\/bfbe299702522836227e3bef0d1b2af2?s=96&d=mm&r=g\",\"contentUrl\":\"https:\/\/secure.gravatar.com\/avatar\/bfbe299702522836227e3bef0d1b2af2?s=96&d=mm&r=g\",\"caption\":\"admin\"},\"sameAs\":[\"https:\/\/theartoftastingportugal.brightlab.pt\"],\"url\":\"https:\/\/theartoftastingportugal.com\/en\/author\/admin\/\"}]}<\/script>\n<!-- \/ Yoast SEO plugin. -->","yoast_head_json":{"title":"V\u00edtor Sobral cooking tuna - The Art of Tasting Portugal","robots":{"index":"index","follow":"follow","max-snippet":"max-snippet:-1","max-image-preview":"max-image-preview:large","max-video-preview":"max-video-preview:-1"},"canonical":"https:\/\/theartoftastingportugal.com\/en\/dishes\/vitor-sobral-cooking-tuna\/","og_locale":"en_US","og_type":"article","og_title":"V\u00edtor Sobral cooking tuna - The Art of Tasting Portugal","og_description":"From the imposing Ponta dos Rosais to the mystical Faj\u00e3 de Santo Cristo, the Po\u00e7a de Sim\u00e3o Dias and the pictoresque village of Velas, we wandered around S\u00e3o Jorge in chef Vitor Sobral's company. On his way around the island, the chef took some time to visit Santa Catarina Ind\u00fastria Conserveira SA to work his magic on a tuna. And then? And then we had the pleasure of watching the chef turn this and other wonders of the Azorean sea into dishes that we won't forget. And if these dishes remain in our tastebuds' memory, the moment we shared at the table will also stay in our mind. It is not every day that moments like these are savoured in a place as unique as the cosy Quinta da Magn\u00f3lia, with the island of Pico lurking on the horizon. To toast to all of this, a Verdelho from the neighbouring island of Pico. Here's to you, S\u00e3o Jorge!","og_url":"https:\/\/theartoftastingportugal.com\/en\/dishes\/vitor-sobral-cooking-tuna\/","og_site_name":"The Art of Tasting Portugal","article_published_time":"2021-02-23T17:28:32+00:00","article_modified_time":"2023-02-24T13:05:07+00:00","og_image":[{"width":1080,"height":1080,"url":"https:\/\/theartoftastingportugal.com\/wp-content\/uploads\/2021\/02\/vitor-sobral-atum-1.jpg","type":"image\/jpeg"}],"twitter_card":"summary_large_image","twitter_misc":{"Written by":"admin"},"schema":{"@context":"https:\/\/schema.org","@graph":[{"@type":"WebSite","@id":"https:\/\/theartoftastingportugal.com\/#website","url":"https:\/\/theartoftastingportugal.com\/","name":"The Art of Tasting Portugal","description":"The Art of Tasting Portugal","potentialAction":[{"@type":"SearchAction","target":{"@type":"EntryPoint","urlTemplate":"https:\/\/theartoftastingportugal.com\/?s={search_term_string}"},"query-input":"required name=search_term_string"}],"inLanguage":"en-US"},{"@type":"ImageObject","inLanguage":"en-US","@id":"https:\/\/theartoftastingportugal.com\/en\/dishes\/vitor-sobral-cooking-tuna\/#primaryimage","url":"https:\/\/theartoftastingportugal.com\/wp-content\/uploads\/2021\/02\/vitor-sobral-atum-1.jpg","contentUrl":"https:\/\/theartoftastingportugal.com\/wp-content\/uploads\/2021\/02\/vitor-sobral-atum-1.jpg","width":1080,"height":1080},{"@type":"WebPage","@id":"https:\/\/theartoftastingportugal.com\/en\/dishes\/vitor-sobral-cooking-tuna\/#webpage","url":"https:\/\/theartoftastingportugal.com\/en\/dishes\/vitor-sobral-cooking-tuna\/","name":"V\u00edtor Sobral cooking tuna - The Art of Tasting Portugal","isPartOf":{"@id":"https:\/\/theartoftastingportugal.com\/#website"},"primaryImageOfPage":{"@id":"https:\/\/theartoftastingportugal.com\/en\/dishes\/vitor-sobral-cooking-tuna\/#primaryimage"},"datePublished":"2021-02-23T17:28:32+00:00","dateModified":"2023-02-24T13:05:07+00:00","author":{"@id":"https:\/\/theartoftastingportugal.com\/#\/schema\/person\/3e3489f1cbe46d3f0f686cab4785bbd9"},"breadcrumb":{"@id":"https:\/\/theartoftastingportugal.com\/en\/dishes\/vitor-sobral-cooking-tuna\/#breadcrumb"},"inLanguage":"en-US","potentialAction":[{"@type":"ReadAction","target":["https:\/\/theartoftastingportugal.com\/en\/dishes\/vitor-sobral-cooking-tuna\/"]}]},{"@type":"BreadcrumbList","@id":"https:\/\/theartoftastingportugal.com\/en\/dishes\/vitor-sobral-cooking-tuna\/#breadcrumb","itemListElement":[{"@type":"ListItem","position":1,"name":"In\u00edcio","item":"https:\/\/theartoftastingportugal.com\/en\/"},{"@type":"ListItem","position":2,"name":"V\u00edtor Sobral cooking tuna"}]},{"@type":"Person","@id":"https:\/\/theartoftastingportugal.com\/#\/schema\/person\/3e3489f1cbe46d3f0f686cab4785bbd9","name":"admin","image":{"@type":"ImageObject","inLanguage":"en-US","@id":"https:\/\/theartoftastingportugal.com\/#\/schema\/person\/image\/","url":"https:\/\/secure.gravatar.com\/avatar\/bfbe299702522836227e3bef0d1b2af2?s=96&d=mm&r=g","contentUrl":"https:\/\/secure.gravatar.com\/avatar\/bfbe299702522836227e3bef0d1b2af2?s=96&d=mm&r=g","caption":"admin"},"sameAs":["https:\/\/theartoftastingportugal.brightlab.pt"],"url":"https:\/\/theartoftastingportugal.com\/en\/author\/admin\/"}]}},"builder_content":"[gallery ids=\"4386,4387,4388,4389,4390\"]\n<h1> V\u00edtor Sobral cooking tuna <\/h1>\n<p>From the imposing Ponta dos Rosais to the mystical Faj\u00e3 de Santo Cristo, the Po\u00e7a de Sim\u00e3o Dias and the pictoresque village of Velas, we wandered around S\u00e3o Jorge in chef Vitor Sobral's company. On his way around the island, the chef took some time to visit Santa Catarina Ind\u00fastria Conserveira SA to work his magic on a tuna. And then? And then we had the pleasure of watching the chef turn this and other wonders of the Azorean sea into dishes that we won't forget. And if these dishes remain in our tastebuds' memory, the moment we shared at the table will also stay in our mind. It is not every day that moments like these are savoured in a place as unique as the cosy Quinta da Magn\u00f3lia, with the island of Pico lurking on the horizon. To toast to all of this, a Verdelho from the neighbouring island of Pico. Here's to you, S\u00e3o Jorge!<\/p>\n<h3>Related with this dish<br\/><\/h3>","post_mailing_queue_ids":[],"_links":{"self":[{"href":"https:\/\/theartoftastingportugal.com\/en\/wp-json\/wp\/v2\/posts\/6361"}],"collection":[{"href":"https:\/\/theartoftastingportugal.com\/en\/wp-json\/wp\/v2\/posts"}],"about":[{"href":"https:\/\/theartoftastingportugal.com\/en\/wp-json\/wp\/v2\/types\/post"}],"author":[{"embeddable":true,"href":"https:\/\/theartoftastingportugal.com\/en\/wp-json\/wp\/v2\/users\/1"}],"replies":[{"embeddable":true,"href":"https:\/\/theartoftastingportugal.com\/en\/wp-json\/wp\/v2\/comments?post=6361"}],"version-history":[{"count":5,"href":"https:\/\/theartoftastingportugal.com\/en\/wp-json\/wp\/v2\/posts\/6361\/revisions"}],"predecessor-version":[{"id":13569,"href":"https:\/\/theartoftastingportugal.com\/en\/wp-json\/wp\/v2\/posts\/6361\/revisions\/13569"}],"wp:featuredmedia":[{"embeddable":true,"href":"https:\/\/theartoftastingportugal.com\/en\/wp-json\/wp\/v2\/media\/6362"}],"wp:attachment":[{"href":"https:\/\/theartoftastingportugal.com\/en\/wp-json\/wp\/v2\/media?parent=6361"}],"wp:term":[{"taxonomy":"category","embeddable":true,"href":"https:\/\/theartoftastingportugal.com\/en\/wp-json\/wp\/v2\/categories?post=6361"},{"taxonomy":"post_tag","embeddable":true,"href":"https:\/\/theartoftastingportugal.com\/en\/wp-json\/wp\/v2\/tags?post=6361"}],"curies":[{"name":"wp","href":"https:\/\/api.w.org\/{rel}","templated":true}]}}